{"id":130125,"date":"2025-05-26T20:34:12","date_gmt":"2025-05-26T20:34:12","guid":{"rendered":"https:\/\/www.europesays.com\/fr\/130125\/"},"modified":"2025-05-26T20:34:12","modified_gmt":"2025-05-26T20:34:12","slug":"foilings-awards-erwan-jauffroy-marin-de-lannee","status":"publish","type":"post","link":"https:\/\/www.europesays.com\/fr\/130125\/","title":{"rendered":"Foilings\u00a0Awards. Erwan Jauffroy, marin de l\u2019ann\u00e9e\u2026"},"content":{"rendered":"<p><img decoding=\"async\" src=\"https:\/\/www.europesays.com\/fr\/wp-content\/uploads\/2025\/05\/foil-prix.jpg\" title=\"\" alt=\"\"\/><\/p>\n<p>Gr\u00e2ce \u00e0 cette premi\u00e8re mondiale compl\u00e8tement incroyable, le toulonnais Erwan Jauffroy vient de remporter hier soir au Palais de la Bourse de G\u00eanes et gr\u00e2ce aux votes d\u2019un public averti, le titre de \u00ab\u00a0Male Sailor of the year\u00a0\u00bb des 8e Foilings Awards. Nomm\u00e9 au c\u00f4t\u00e9 du vainqueur du Vend\u00e9e Globe Charlie Dalin, du multiple champion du Monde de wingfoil Chris Mc Donald, des champions olympiques Valentin Bontus et Tom Reuveny et d\u2019un parterre d\u2019athl\u00e8tes exceptionnels, l\u2019exploit du n\u00e9o toulonnais a marqu\u00e9 les esprits et fait la diff\u00e9rence.\u00a0<\/p>\n<p>Cerise sur le g\u00e2teau, le jury compos\u00e9 d\u2019anciens laur\u00e9ats a d\u00e9cid\u00e9 \u00e0 l\u2019unanimit\u00e9 de lui d\u00e9cerner le \u00ab\u00a0Forlanini Awards\u00a0\u00bb r\u00e9serv\u00e9 au meilleur de toutes les cat\u00e9gories prim\u00e9es durant la soir\u00e9e. Une reconnaissance symbolique mais importante pour Erwan qui se montrait tr\u00e8s \u00e9mu de ce r\u00e9sultat\u00a0: \u00ab\u00a0Je suis particuli\u00e8rement honor\u00e9 de cette distinction pla\u00e7ant ma performance de 2024 dans un paysage multi supports allant de la course au large aux Jeux Olympiques en passant par Sail GP. La concurrence \u00e9tait particuli\u00e8rement relev\u00e9e et je pense que tous les nomm\u00e9s m\u00e9ritaient la victoire, tous m\u2019ont fait r\u00eaver cette ann\u00e9e. \u00c7a fait plaisir de voir que le public a \u00e9t\u00e9 touch\u00e9 \u00e0 ce point par ma travers\u00e9e, m\u00eame si ce n\u2019\u00e9tait pas une comp\u00e9tition. Le d\u00e9passement de soi, les \u00e9motions fortes non dissimul\u00e9es, l&rsquo;audace de sortir des sentiers battus et de repousser les limites du possible semblent toujours toucher les gens et tant mieux. J\u2019esp\u00e8re aussi que \u00e7a puisse d\u00e9montrer le pouvoir de l\u2019innovation qui permet de r\u00e9aliser des choses \u00e0 peine imaginables, si l\u2019on revient quelques ann\u00e9es en arri\u00e8re. Quand on y pense, les perspectives pour le transport maritime et ses challenges li\u00e9s \u00e0 la d\u00e9carbonation sont \u00e9normes\u2026. Le soutien que je re\u00e7ois, \u00e7a me touche \u00e9norm\u00e9ment. Maintenant, je pense qu\u2019on est qu\u2019au d\u00e9but de ce que l\u2019on peut faire avec des foils et il y a encore de tr\u00e8s belles histoires \u00e0 \u00e9crire\u00a0! J\u2019ai de beaux projets \u00e0 venir, il reste des obstacles \u00e0 lever pour les r\u00e9aliser mais j\u2019ai h\u00e2te de repartir en mer repousser les limites.\u00a0\u00bb<\/p>\n<p><img decoding=\"async\" src=\"https:\/\/www.europesays.com\/fr\/wp-content\/uploads\/2025\/05\/FoilCrossingChallenge-1-ERWAN_JAUFFROY.jpg\" title=\"\" alt=\"\"\/><\/p>\n<p>Cette performance, assez peu valoris\u00e9e par les m\u00e9dias classiques, avait touch\u00e9 pr\u00e8s de 10 millions de personnes sur les r\u00e9seaux sociaux. Le film retra\u00e7ant cette performance cumule aujourd\u2019hui pr\u00e8s de 700 k vues sur Youtube!\u00a0<\/p>\n<ul>\n<li>Erwan Jauffroy (42 ans) compte parmi les experts des sports de glisse nautiques. Champion de France de windsurf en 2004, il se reconvertit en 2006 dans la presse sp\u00e9cialis\u00e9 en dirigeant les magazines sp\u00e9cialis\u00e9s de r\u00e9f\u00e9rence en France (Wind magazine, Kiteboarder magazine, SUP magazine, Windsurf magazine&#8230;) durant 16 ans. Toujours passionn\u00e9 et pratiquant assid\u00fbment toutes les nouvelles activit\u00e9s notamment li\u00e9es au foil depuis 2010, Erwan est d\u00e9sormais suivi par plusieurs dizaines de milliers de personnes sur Youtube.<\/li>\n<\/ul>\n","protected":false},"excerpt":{"rendered":"Gr\u00e2ce \u00e0 cette premi\u00e8re mondiale compl\u00e8tement incroyable, le toulonnais Erwan Jauffroy vient de remporter hier soir au Palais&hellip;\n","protected":false},"author":2,"featured_media":130126,"comment_status":"","ping_status":"","sticky":false,"template":"","format":"standard","meta":{"footnotes":""},"categories":[9619],"tags":[1111,47,11,1777,674,1011,27,1110,1031,12,882,25,2310],"class_list":{"0":"post-130125","1":"post","2":"type-post","3":"status-publish","4":"format-standard","5":"has-post-thumbnail","7":"category-toulon","8":"tag-actu","9":"tag-actualite","10":"tag-actualites","11":"tag-eu","12":"tag-europe","13":"tag-fr","14":"tag-france","15":"tag-informations","16":"tag-magazine","17":"tag-news","18":"tag-provence-alpes-cote-dazur","19":"tag-republique-francaise","20":"tag-toulon"},"share_on_mastodon":{"url":"https:\/\/pubeurope.com\/@fr\/114576049127405219","error":""},"_links":{"self":[{"href":"https:\/\/www.europesays.com\/fr\/wp-json\/wp\/v2\/posts\/130125","targetHints":{"allow":["GET"]}}],"collection":[{"href":"https:\/\/www.europesays.com\/fr\/wp-json\/wp\/v2\/posts"}],"about":[{"href":"https:\/\/www.europesays.com\/fr\/wp-json\/wp\/v2\/types\/post"}],"author":[{"embeddable":true,"href":"https:\/\/www.europesays.com\/fr\/wp-json\/wp\/v2\/users\/2"}],"replies":[{"embeddable":true,"href":"https:\/\/www.europesays.com\/fr\/wp-json\/wp\/v2\/comments?post=130125"}],"version-history":[{"count":0,"href":"https:\/\/www.europesays.com\/fr\/wp-json\/wp\/v2\/posts\/130125\/revisions"}],"wp:featuredmedia":[{"embeddable":true,"href":"https:\/\/www.europesays.com\/fr\/wp-json\/wp\/v2\/media\/130126"}],"wp:attachment":[{"href":"https:\/\/www.europesays.com\/fr\/wp-json\/wp\/v2\/media?parent=130125"}],"wp:term":[{"taxonomy":"category","embeddable":true,"href":"https:\/\/www.europesays.com\/fr\/wp-json\/wp\/v2\/categories?post=130125"},{"taxonomy":"post_tag","embeddable":true,"href":"https:\/\/www.europesays.com\/fr\/wp-json\/wp\/v2\/tags?post=130125"}],"curies":[{"name":"wp","href":"https:\/\/api.w.org\/{rel}","templated":true}]}}