{"id":130127,"date":"2025-05-26T20:35:08","date_gmt":"2025-05-26T20:35:08","guid":{"rendered":"https:\/\/www.europesays.com\/fr\/130127\/"},"modified":"2025-05-26T20:35:08","modified_gmt":"2025-05-26T20:35:08","slug":"a-bientot-40-ans-une-ancienne-gloire-de-toulon-sengage-en-septieme-division","status":"publish","type":"post","link":"https:\/\/www.europesays.com\/fr\/130127\/","title":{"rendered":"\u00e0 bient\u00f4t 40 ans, une ancienne gloire de Toulon s\u2019engage en&#8230; Septi\u00e8me division"},"content":{"rendered":"<p><strong>LE SCAN SPORT<\/strong> &#8211; Steffon Armitage (39 ans, 5 s\u00e9lections avec l\u2019Angleterre), s\u2019est engag\u00e9 avec le club de Saint-Saturnin, en F\u00e9d\u00e9rale 3.<\/p>\n<p class=\"fig-paragraph\">Steffon Armitage n\u2019a d\u00e9cid\u00e9ment pas envie d\u2019arr\u00eater. L\u2019ancien troisi\u00e8me-ligne du RCT (39 ans), s\u2019est engag\u00e9 avec le club de Saint-Saturnin, dans le Vaucluse, et \u00e9voluera donc en F\u00e9d\u00e9rale 3, soit la septi\u00e8me division fran\u00e7aise. Une destination surprenante pour cette ancienne machine \u00e0 gratter.<\/p>\n<p class=\"fig-paragraph\">S\u00e9lectionn\u00e9 \u00e0 cinq reprises avec l\u2019Angleterre entre 2009 et 2011, Armitage a remport\u00e9 trois Coupes d\u2019Europe (2013, 2014, 2015) avec Toulon ainsi qu\u2019un titre en Top 14 (2014).<\/p>\n<p>    Steffon Armitage a sign\u00e9 en F\u00e9d\u00e9rale 3.<br \/>\n                Capture \u00e9cran ESSS\/ Facebook<\/p>\n","protected":false},"excerpt":{"rendered":"LE SCAN SPORT &#8211; Steffon Armitage (39 ans, 5 s\u00e9lections avec l\u2019Angleterre), s\u2019est engag\u00e9 avec le club de&hellip;\n","protected":false},"author":2,"featured_media":130128,"comment_status":"","ping_status":"","sticky":false,"template":"","format":"standard","meta":{"footnotes":""},"categories":[9619],"tags":[2306,1111,11,525,2309,1981,2313,1089,451,814,1777,674,1011,27,4977,955,12,2308,882,2311,3461,25,1980,479,2259,2307,478,2310,2312,513,25441],"class_list":{"0":"post-130127","1":"post","2":"type-post","3":"status-publish","4":"format-standard","5":"has-post-thumbnail","7":"category-toulon","8":"tag-6-nations","9":"tag-actu","10":"tag-actualites","11":"tag-calendrier","12":"tag-challenge-europeen","13":"tag-classement","14":"tag-clermont","15":"tag-coupe-deurope","16":"tag-coupe-du-monde","17":"tag-direct","18":"tag-eu","19":"tag-europe","20":"tag-fr","21":"tag-france","22":"tag-le-scan-sport","23":"tag-match","24":"tag-news","25":"tag-pro-d2","26":"tag-provence-alpes-cote-dazur","27":"tag-racing","28":"tag-rct","29":"tag-republique-francaise","30":"tag-resultats","31":"tag-rugby","32":"tag-score","33":"tag-six-nations","34":"tag-top-14","35":"tag-toulon","36":"tag-toulouse","37":"tag-xv-de-france","38":"tag-xv-de-la-rose"},"share_on_mastodon":{"url":"https:\/\/pubeurope.com\/@fr\/114576052942950745","error":""},"_links":{"self":[{"href":"https:\/\/www.europesays.com\/fr\/wp-json\/wp\/v2\/posts\/130127","targetHints":{"allow":["GET"]}}],"collection":[{"href":"https:\/\/www.europesays.com\/fr\/wp-json\/wp\/v2\/posts"}],"about":[{"href":"https:\/\/www.europesays.com\/fr\/wp-json\/wp\/v2\/types\/post"}],"author":[{"embeddable":true,"href":"https:\/\/www.europesays.com\/fr\/wp-json\/wp\/v2\/users\/2"}],"replies":[{"embeddable":true,"href":"https:\/\/www.europesays.com\/fr\/wp-json\/wp\/v2\/comments?post=130127"}],"version-history":[{"count":0,"href":"https:\/\/www.europesays.com\/fr\/wp-json\/wp\/v2\/posts\/130127\/revisions"}],"wp:featuredmedia":[{"embeddable":true,"href":"https:\/\/www.europesays.com\/fr\/wp-json\/wp\/v2\/media\/130128"}],"wp:attachment":[{"href":"https:\/\/www.europesays.com\/fr\/wp-json\/wp\/v2\/media?parent=130127"}],"wp:term":[{"taxonomy":"category","embeddable":true,"href":"https:\/\/www.europesays.com\/fr\/wp-json\/wp\/v2\/categories?post=130127"},{"taxonomy":"post_tag","embeddable":true,"href":"https:\/\/www.europesays.com\/fr\/wp-json\/wp\/v2\/tags?post=130127"}],"curies":[{"name":"wp","href":"https:\/\/api.w.org\/{rel}","templated":true}]}}