{"id":130133,"date":"2025-05-26T20:38:07","date_gmt":"2025-05-26T20:38:07","guid":{"rendered":"https:\/\/www.europesays.com\/fr\/130133\/"},"modified":"2025-05-26T20:38:07","modified_gmt":"2025-05-26T20:38:07","slug":"grace-a-un-defi-les-eleves-evitent-des-tonnes-de-dechets-a-la-cantine","status":"publish","type":"post","link":"https:\/\/www.europesays.com\/fr\/130133\/","title":{"rendered":"gr\u00e2ce \u00e0 un d\u00e9fi, les \u00e9l\u00e8ves \u00e9vitent des tonnes de d\u00e9chets \u00e0 la cantine"},"content":{"rendered":"<p>            Par<br \/>\n        <strong><br \/>\n            <a href=\"https:\/\/actu.fr\/auteur\/le-journal-delbeuf\" title=\"Consulter tous les articles de R\u00e9daction Elbeuf\" rel=\"nofollow noopener\" target=\"_blank\">R\u00e9daction Elbeuf<\/a><br \/>\n        <\/strong><\/p>\n<p>        Publi\u00e9 le<\/p>\n<p>            26 mai 2025 \u00e0 22h06        <\/p>\n<p>Lanc\u00e9 en 2023, le <b>concours \u00ab\u00a0assiettes vides\u00a0\u00bb<\/b> concerne les cinq \u00e9coles \u00e9l\u00e9mentaires de <a href=\"https:\/\/actu.fr\/normandie\/caudebec-les-elbeuf_76165\" rel=\"nofollow noopener\" target=\"_blank\">Caudebec (Seine-Maritime)<\/a>. Une nouvelle \u00e9dition s\u2019est tenue du lundi 19 au vendredi 23 mai 2025, avec l\u2019objectif de lutter contre le <b>gaspillage alimentaire<\/b> \u00e0 la cantine.<\/p>\n<p class=\" wall-content\">\u00ab\u00a0L\u2019objectif est simple : il s\u2019agit de <b>r\u00e9duire les d\u00e9chets<\/b> en sensibilisant les \u00e9l\u00e8ves, tout en valorisant leurs efforts par des r\u00e9compenses ludiques\u00a0\u00bb, rappelait le maire, Laurent Bonnaterre, dans l\u2019une des cantines.\u00a0<\/p>\n<p>Des tonnes de d\u00e9chets en moins<\/p>\n<p class=\" wall-content\">Ce dispositif s\u2019inscrit en effet dans un travail de fond, avec l\u2019installation progressive de tables de tri dans toutes les cantines scolaires.<\/p>\n<p class=\" wall-content\">Et les r\u00e9sultats sont l\u00e0, puisque la moyenne est <b>pass\u00e9e de 114 grammes de d\u00e9chets par repas \u00e0 40 grammes<\/b>, en l\u2019espace de quatre ans ! Cela \u00e9quivaut \u00e0 7,4 tonnes de d\u00e9chets en moins chaque ann\u00e9e.<\/p>\n<p class=\" wall-content\">De tels efforts m\u00e9ritent bien des f\u00e9licitations et quelques r\u00e9compenses mat\u00e9rielles et ludiques. Pour ce faire, les membres du Conseil municipal des jeunes et les d\u00e9l\u00e9gu\u00e9s scolaires ont planch\u00e9 sur la question et d\u00e9cid\u00e9 que l\u2019\u00e9cole class\u00e9e premi\u00e8re recevra une enceinte connect\u00e9e, des mangas et des livres, tandis que la seconde recevra du mat\u00e9riel de dessin.<\/p>\n<p>Vid\u00e9os : en ce moment sur Actu<\/p>\n<p class=\" wall-content\">La remise des prix est fix\u00e9e au 2 juin. Si l\u2019\u00e9cole Victor-Hugo a tendance depuis des ann\u00e9es \u00e0 remporter la premi\u00e8re place, devant S\u00e9vign\u00e9, les paris sont ouverts pour 2025 !<\/p>\n<p class=\" wall-content\">Suivez toute l\u2019actualit\u00e9 de vos villes et m\u00e9dias favoris en vous inscrivant \u00e0 <a href=\"https:\/\/moncompte.actu.fr\" title=\"D\u00e9couvez Mon Actu\" rel=\"nofollow noopener\" data-trk=\"{&quot;cta&quot;:{&quot;action&quot;:&quot;https:\\\/\\\/moncompte.actu.fr&quot;,&quot;category&quot;:&quot;mon compte&quot;,&quot;from&quot;:&quot;article footer&quot;,&quot;name&quot;:&quot;Mon actu&quot;,&quot;type&quot;:&quot;cta&quot;}}\" target=\"_blank\">Mon Actu<\/a>.<\/p>\n","protected":false},"excerpt":{"rendered":"Par R\u00e9daction Elbeuf Publi\u00e9 le 26 mai 2025 \u00e0 22h06 Lanc\u00e9 en 2023, le concours \u00ab\u00a0assiettes vides\u00a0\u00bb concerne&hellip;\n","protected":false},"author":2,"featured_media":130134,"comment_status":"","ping_status":"","sticky":false,"template":"","format":"standard","meta":{"footnotes":""},"categories":[9587],"tags":[1111,11,258,1719,1777,674,1011,27,12,5161,25,9590,104],"class_list":{"0":"post-130133","1":"post","2":"type-post","3":"status-publish","4":"format-standard","5":"has-post-thumbnail","7":"category-rouen","8":"tag-actu","9":"tag-actualites","10":"tag-alimentation","11":"tag-enfants","12":"tag-eu","13":"tag-europe","14":"tag-fr","15":"tag-france","16":"tag-news","17":"tag-normandie","18":"tag-republique-francaise","19":"tag-rouen","20":"tag-societe"},"share_on_mastodon":{"url":"https:\/\/pubeurope.com\/@fr\/114576064728386979","error":""},"_links":{"self":[{"href":"https:\/\/www.europesays.com\/fr\/wp-json\/wp\/v2\/posts\/130133","targetHints":{"allow":["GET"]}}],"collection":[{"href":"https:\/\/www.europesays.com\/fr\/wp-json\/wp\/v2\/posts"}],"about":[{"href":"https:\/\/www.europesays.com\/fr\/wp-json\/wp\/v2\/types\/post"}],"author":[{"embeddable":true,"href":"https:\/\/www.europesays.com\/fr\/wp-json\/wp\/v2\/users\/2"}],"replies":[{"embeddable":true,"href":"https:\/\/www.europesays.com\/fr\/wp-json\/wp\/v2\/comments?post=130133"}],"version-history":[{"count":0,"href":"https:\/\/www.europesays.com\/fr\/wp-json\/wp\/v2\/posts\/130133\/revisions"}],"wp:featuredmedia":[{"embeddable":true,"href":"https:\/\/www.europesays.com\/fr\/wp-json\/wp\/v2\/media\/130134"}],"wp:attachment":[{"href":"https:\/\/www.europesays.com\/fr\/wp-json\/wp\/v2\/media?parent=130133"}],"wp:term":[{"taxonomy":"category","embeddable":true,"href":"https:\/\/www.europesays.com\/fr\/wp-json\/wp\/v2\/categories?post=130133"},{"taxonomy":"post_tag","embeddable":true,"href":"https:\/\/www.europesays.com\/fr\/wp-json\/wp\/v2\/tags?post=130133"}],"curies":[{"name":"wp","href":"https:\/\/api.w.org\/{rel}","templated":true}]}}