{"id":130139,"date":"2025-05-26T20:41:25","date_gmt":"2025-05-26T20:41:25","guid":{"rendered":"https:\/\/www.europesays.com\/fr\/130139\/"},"modified":"2025-05-26T20:41:25","modified_gmt":"2025-05-26T20:41:25","slug":"la-metropole-invite-les-clubs-a-revenir-a-plus-de-raison","status":"publish","type":"post","link":"https:\/\/www.europesays.com\/fr\/130139\/","title":{"rendered":"la M\u00e9tropole invite les clubs \u00ab\u00a0\u00e0 revenir \u00e0 plus de raison\u00a0\u00bb"},"content":{"rendered":"<p>\u00ab\u00a0J\u2019entends dire que Grenoble Alpes M\u00e9tropole ne fait pas de retours\u00a0? C\u2019est faux\u00a0!\u00a0\u00bb, Corine Lemariey, vice-pr\u00e9sidente m\u00e9tropolitaine aux sports, pose les choses clairement\u00a0: \u00ab\u00a0On est toujours en p\u00e9riode de n\u00e9gociations. Et jusqu\u2019\u00e0 pr\u00e9sent, il y a eu des retours de part et d\u2019autre. Pas plus tard qu\u2019il y a 2 jours, il y a eu des conversations entre le GF38 et le cabinet\u00a0\u00bb.<\/p>\n<p>Mais pas de quoi non plus r\u00e9soudre la crise qui divise la collectivit\u00e9, propri\u00e9taire du&#8230;<\/p>\n","protected":false},"excerpt":{"rendered":"\u00ab\u00a0J\u2019entends dire que Grenoble Alpes M\u00e9tropole ne fait pas de retours\u00a0? C\u2019est faux\u00a0!\u00a0\u00bb, Corine Lemariey, vice-pr\u00e9sidente m\u00e9tropolitaine aux&hellip;\n","protected":false},"author":2,"featured_media":130140,"comment_status":"","ping_status":"","sticky":false,"template":"","format":"standard","meta":{"footnotes":""},"categories":[9566],"tags":[1111,11,2430,33,112,1777,674,2727,63,1011,27,12637,2731,108,12,316,25,479,517],"class_list":{"0":"post-130139","1":"post","2":"type-post","3":"status-publish","4":"format-standard","5":"has-post-thumbnail","7":"category-grenoble","8":"tag-actu","9":"tag-actualites","10":"tag-auvergne-rhone-alpes","11":"tag-economie","12":"tag-edition-grenoble-agglomeration","13":"tag-eu","14":"tag-europe","15":"tag-fcg-fc-grenoble-rugby","16":"tag-football","17":"tag-fr","18":"tag-france","19":"tag-gf38-grenoble-foot-38","20":"tag-grenoble","21":"tag-isere","22":"tag-news","23":"tag-politique","24":"tag-republique-francaise","25":"tag-rugby","26":"tag-sport"},"share_on_mastodon":{"url":"https:\/\/pubeurope.com\/@fr\/114576076583047046","error":""},"_links":{"self":[{"href":"https:\/\/www.europesays.com\/fr\/wp-json\/wp\/v2\/posts\/130139","targetHints":{"allow":["GET"]}}],"collection":[{"href":"https:\/\/www.europesays.com\/fr\/wp-json\/wp\/v2\/posts"}],"about":[{"href":"https:\/\/www.europesays.com\/fr\/wp-json\/wp\/v2\/types\/post"}],"author":[{"embeddable":true,"href":"https:\/\/www.europesays.com\/fr\/wp-json\/wp\/v2\/users\/2"}],"replies":[{"embeddable":true,"href":"https:\/\/www.europesays.com\/fr\/wp-json\/wp\/v2\/comments?post=130139"}],"version-history":[{"count":0,"href":"https:\/\/www.europesays.com\/fr\/wp-json\/wp\/v2\/posts\/130139\/revisions"}],"wp:featuredmedia":[{"embeddable":true,"href":"https:\/\/www.europesays.com\/fr\/wp-json\/wp\/v2\/media\/130140"}],"wp:attachment":[{"href":"https:\/\/www.europesays.com\/fr\/wp-json\/wp\/v2\/media?parent=130139"}],"wp:term":[{"taxonomy":"category","embeddable":true,"href":"https:\/\/www.europesays.com\/fr\/wp-json\/wp\/v2\/categories?post=130139"},{"taxonomy":"post_tag","embeddable":true,"href":"https:\/\/www.europesays.com\/fr\/wp-json\/wp\/v2\/tags?post=130139"}],"curies":[{"name":"wp","href":"https:\/\/api.w.org\/{rel}","templated":true}]}}