{"id":130155,"date":"2025-05-26T20:49:29","date_gmt":"2025-05-26T20:49:29","guid":{"rendered":"https:\/\/www.europesays.com\/fr\/130155\/"},"modified":"2025-05-26T20:49:29","modified_gmt":"2025-05-26T20:49:29","slug":"fc-nantes-louis-leroux-et-demaine-tabibou-en-equipe-de-france-u20-sport","status":"publish","type":"post","link":"https:\/\/www.europesays.com\/fr\/130155\/","title":{"rendered":"FC Nantes. Louis Leroux et Demaine Tabibou en \u00e9quipe de France U20 . Sport"},"content":{"rendered":"<p>Le Festival international Espoirs, \u00e9galement appel\u00e9 tournoi Maurice-Revello, se d\u00e9roule cette ann\u00e9e du 3 au 15\u00a0juin, dans le Sud de la France. R\u00e9serv\u00e9 aux s\u00e9lections internationales des moins de 21\u00a0ans, il met aux prises huit\u00a0nations pour cette \u00e9dition 2025.<\/p>\n<p><strong>Lire aussi\u00a0:<\/strong> <a href=\"https:\/\/nantes.maville.com\/sport\/detail_-info-ouest-france.-le-messin-alexis-mirbach-signe-tant-que-troisieme-gardien-au-fc-nantes-_52716-6821529_actu.Htm\" target=\"_blank\" rel=\"noopener\">INFO OUEST-FRANCE. Le Messin Alexis Mirbach signe en tant que troisi\u00e8me gardien au FC Nantes<\/a><\/p>\n<p>Il s\u2019agit du\u00a0dernier rendez-vous d\u2019une saison qui sert de pr\u00e9paration \u00e0 la Coupe du monde 2025 pr\u00e9vue au Chili (du 27\u00a0septembre au 19\u00a0octobre). Bernard Diom\u00e8de, s\u00e9lectionneur de l\u2019\u00e9quipe de France U20, a convoqu\u00e9 un groupe de 26\u00a0joueurs parmi lesquels on retrouve les Nantais Louis Leroux (16\u00a0matches et 2\u00a0buts cette saison en Ligue 1) et Demaine Tabibou (12\u00a0apparitions en Ligue 1\u00a0cette saison).<\/p>\n<p><strong>Lire aussi\u00a0:<\/strong> <a href=\"https:\/\/nantes.maville.com\/sport\/detail_-loire-atlantique-entretien.-au-fc-nantes-stephane-ziani-affirme-avoir-ete-rassure-sur-la-volonte-d-un-projet-_8-6821002_actu.Htm\" target=\"_blank\" rel=\"noopener\">ENTRETIEN. Au FC Nantes, St\u00e9phane Ziani affirme avoir \u00ab\u00a0\u00e9t\u00e9 rassur\u00e9 sur la volont\u00e9 d\u2019un projet\u00a0\u00bb<\/a><\/p>\n<p>Les Tricolores, plac\u00e9s dans le groupe A, auront pour adversaires, l\u2019Arabie saoudite, le mardi 3\u00a0juin (17\u00a0h\u00a030, Fos-sur-Mer), le Mali, le vendredi 6\u00a0juin (17\u00a0h\u00a030, Avignon), et le Panama, le lundi 9\u00a0juin (17\u00a0h\u00a030, Aubagne).<\/p>\n<p>\u00a0<\/p>\n","protected":false},"excerpt":{"rendered":"Le Festival international Espoirs, \u00e9galement appel\u00e9 tournoi Maurice-Revello, se d\u00e9roule cette ann\u00e9e du 3 au 15\u00a0juin, dans le&hellip;\n","protected":false},"author":2,"featured_media":130156,"comment_status":"","ping_status":"","sticky":false,"template":"","format":"standard","meta":{"footnotes":""},"categories":[2818],"tags":[1111,11,3809,1465,1777,674,63,1011,27,1792,1922,766,12,2636,25,479,3272,517,1470],"class_list":{"0":"post-130155","1":"post","2":"type-post","3":"status-publish","4":"format-standard","5":"has-post-thumbnail","7":"category-nantes","8":"tag-actu","9":"tag-actualites","10":"tag-ball","11":"tag-basket","12":"tag-eu","13":"tag-europe","14":"tag-football","15":"tag-fr","16":"tag-france","17":"tag-handball","18":"tag-info","19":"tag-nantes","20":"tag-news","21":"tag-pays-de-la-loire","22":"tag-republique-francaise","23":"tag-rugby","24":"tag-saint-nazaire","25":"tag-sport","26":"tag-volley"},"share_on_mastodon":{"url":"https:\/\/pubeurope.com\/@fr\/114576108210593520","error":""},"_links":{"self":[{"href":"https:\/\/www.europesays.com\/fr\/wp-json\/wp\/v2\/posts\/130155","targetHints":{"allow":["GET"]}}],"collection":[{"href":"https:\/\/www.europesays.com\/fr\/wp-json\/wp\/v2\/posts"}],"about":[{"href":"https:\/\/www.europesays.com\/fr\/wp-json\/wp\/v2\/types\/post"}],"author":[{"embeddable":true,"href":"https:\/\/www.europesays.com\/fr\/wp-json\/wp\/v2\/users\/2"}],"replies":[{"embeddable":true,"href":"https:\/\/www.europesays.com\/fr\/wp-json\/wp\/v2\/comments?post=130155"}],"version-history":[{"count":0,"href":"https:\/\/www.europesays.com\/fr\/wp-json\/wp\/v2\/posts\/130155\/revisions"}],"wp:featuredmedia":[{"embeddable":true,"href":"https:\/\/www.europesays.com\/fr\/wp-json\/wp\/v2\/media\/130156"}],"wp:attachment":[{"href":"https:\/\/www.europesays.com\/fr\/wp-json\/wp\/v2\/media?parent=130155"}],"wp:term":[{"taxonomy":"category","embeddable":true,"href":"https:\/\/www.europesays.com\/fr\/wp-json\/wp\/v2\/categories?post=130155"},{"taxonomy":"post_tag","embeddable":true,"href":"https:\/\/www.europesays.com\/fr\/wp-json\/wp\/v2\/tags?post=130155"}],"curies":[{"name":"wp","href":"https:\/\/api.w.org\/{rel}","templated":true}]}}