{"id":130163,"date":"2025-05-26T20:53:10","date_gmt":"2025-05-26T20:53:10","guid":{"rendered":"https:\/\/www.europesays.com\/fr\/130163\/"},"modified":"2025-05-26T20:53:10","modified_gmt":"2025-05-26T20:53:10","slug":"trois-individus-mis-en-examen-pour-le-braquage-dun-bureau-de-poste","status":"publish","type":"post","link":"https:\/\/www.europesays.com\/fr\/130163\/","title":{"rendered":"trois individus mis en examen pour le braquage d\u2019un bureau de poste"},"content":{"rendered":"<p>Les trois hommes sont suspect\u00e9s d\u2019avoir vol\u00e9 plus de 400.000 euros lors d\u2019une attaque \u00e0 l\u2019explosif contre un bureau de poste de Toulouse fin 2024.<\/p>\n<p class=\"fig-paragraph\">Trois hommes soup\u00e7onn\u00e9s d&rsquo;avoir d\u00e9rob\u00e9 fin 2024 \u00e0\u00a0<a href=\"https:\/\/www.lefigaro.fr\/tag\/toulouse\" target=\"_blank\" rel=\"noopener\" data-gtm-custom-categorie=\"navigation\" data-gtm-custom-action=\"crossclick\" data-gtm-custom-label=\"Contextuel\" data-gtm-event=\"customEventSPE\">Toulouse\u00a0<\/a>420.000 euros dans un coffre d&rsquo;un bureau de poste en faisant sauter \u00e0 l&rsquo;explosif le dispositif de s\u00e9curit\u00e9, ont \u00e9t\u00e9 mis en examen et \u00e9crou\u00e9s, a indiqu\u00e9 lundi le parquet de Bordeaux. Le 23 d\u00e9cembre, peu avant 6h30 et \u00ab15 minutes apr\u00e8s le d\u00e9part du fourgon blind\u00e9 venant d&rsquo;effectuer une livraison de num\u00e9raire\u00bb, le bureau de poste \u00aba \u00e9t\u00e9 vis\u00e9 par une attaque \u00e0 l&rsquo;explosif portant sur le trappon servant de sas de livraison s\u00e9curis\u00e9e entre l&rsquo;ext\u00e9rieur et l&rsquo;int\u00e9rieur\u00bb de ce bureau, puis l&rsquo;argent a \u00e9t\u00e9 vol\u00e9 du \u00abcoffre relais souffl\u00e9 par l&rsquo;explosion\u00bb, \u00e9crit dans un communiqu\u00e9 le procureur de la R\u00e9publique de Bordeaux, Renaud Gaudeul.<\/p>\n<p class=\"fig-paragraph\">\u00abLe caract\u00e8re particuli\u00e8rement organis\u00e9 des faits\u00bb avait ensuite amen\u00e9 le parquet de la Juridiction interr\u00e9gionale sp\u00e9cialis\u00e9e (Jirs) de Bordeaux \u00e0 reprendre la direction de l&rsquo;enqu\u00eate, pr\u00e9cise encore le magistrat. Le 19 mai, sept personnes ont \u00e9t\u00e9 interpell\u00e9es et plac\u00e9es en garde \u00e0 vue, alors que des armes, dont deux carabines et plusieurs fusils de chasse, ainsi que des munitions, \u00e9taient saisies.<\/p>\n<p class=\"fig-paragraph\">Trois hommes \u00e2g\u00e9s de 44 \u00e0 63 ans ont \u00e9t\u00e9 mis en examen le 22 mai pour \u00abvol en bande organis\u00e9e, destruction en bande organis\u00e9e du bien d&rsquo;autrui par un moyen dangereux pour les personnes, participation \u00e0 une association de malfaiteurs en vue de la pr\u00e9paration d&rsquo;un crime et blanchiment du produit d&rsquo;un vol commis en bande organis\u00e9e\u00bb. D\u00e9j\u00e0 condamn\u00e9s par la justice \u00ab\u00e0 de lourdes peines par le pass\u00e9\u00bb &#8211; dont \u00abhuit ans d&#8217;emprisonnement pour le vol aggrav\u00e9 commis au pr\u00e9judice de l&rsquo;agence du Cr\u00e9dit Agricole de Bessi\u00e8res (Haute-Garonne) en 2014\u00bb pour l&rsquo;un d&rsquo;entre eux -, ils ont \u00e9t\u00e9 plac\u00e9s en d\u00e9tention provisoire, \u00e9crit encore Renaud Gaudeul.<\/p>\n","protected":false},"excerpt":{"rendered":"Les trois hommes sont suspect\u00e9s d\u2019avoir vol\u00e9 plus de 400.000 euros lors d\u2019une attaque \u00e0 l\u2019explosif contre un&hellip;\n","protected":false},"author":2,"featured_media":130164,"comment_status":"","ping_status":"","sticky":false,"template":"","format":"standard","meta":{"footnotes":""},"categories":[2816],"tags":[1111,47,11,1109,1112,1777,674,118,1108,107,1106,1107,1011,27,1110,1114,14,3316,6081,12,1113,2680,316,25,2312],"class_list":{"0":"post-130163","1":"post","2":"type-post","3":"status-publish","4":"format-standard","5":"has-post-thumbnail","7":"category-toulouse","8":"tag-actu","9":"tag-actualite","10":"tag-actualites","11":"tag-breves","12":"tag-depeches","13":"tag-eu","14":"tag-europe","15":"tag-faits-divers","16":"tag-fil","17":"tag-fil-info","18":"tag-flash","19":"tag-flash-actu","20":"tag-fr","21":"tag-france","22":"tag-informations","23":"tag-infos","24":"tag-international","25":"tag-la-poste","26":"tag-mis-en-examen","27":"tag-news","28":"tag-nouvelles","29":"tag-occitanie","30":"tag-politique","31":"tag-republique-francaise","32":"tag-toulouse"},"share_on_mastodon":{"url":"https:\/\/pubeurope.com\/@fr\/114576123706916097","error":""},"_links":{"self":[{"href":"https:\/\/www.europesays.com\/fr\/wp-json\/wp\/v2\/posts\/130163","targetHints":{"allow":["GET"]}}],"collection":[{"href":"https:\/\/www.europesays.com\/fr\/wp-json\/wp\/v2\/posts"}],"about":[{"href":"https:\/\/www.europesays.com\/fr\/wp-json\/wp\/v2\/types\/post"}],"author":[{"embeddable":true,"href":"https:\/\/www.europesays.com\/fr\/wp-json\/wp\/v2\/users\/2"}],"replies":[{"embeddable":true,"href":"https:\/\/www.europesays.com\/fr\/wp-json\/wp\/v2\/comments?post=130163"}],"version-history":[{"count":0,"href":"https:\/\/www.europesays.com\/fr\/wp-json\/wp\/v2\/posts\/130163\/revisions"}],"wp:featuredmedia":[{"embeddable":true,"href":"https:\/\/www.europesays.com\/fr\/wp-json\/wp\/v2\/media\/130164"}],"wp:attachment":[{"href":"https:\/\/www.europesays.com\/fr\/wp-json\/wp\/v2\/media?parent=130163"}],"wp:term":[{"taxonomy":"category","embeddable":true,"href":"https:\/\/www.europesays.com\/fr\/wp-json\/wp\/v2\/categories?post=130163"},{"taxonomy":"post_tag","embeddable":true,"href":"https:\/\/www.europesays.com\/fr\/wp-json\/wp\/v2\/tags?post=130163"}],"curies":[{"name":"wp","href":"https:\/\/api.w.org\/{rel}","templated":true}]}}