{"id":130165,"date":"2025-05-26T20:55:13","date_gmt":"2025-05-26T20:55:13","guid":{"rendered":"https:\/\/www.europesays.com\/fr\/130165\/"},"modified":"2025-05-26T20:55:13","modified_gmt":"2025-05-26T20:55:13","slug":"a-lille-bruce-springsteen-oppose-sa-vision-de-lamerique-a-celle-de-donald-trump","status":"publish","type":"post","link":"https:\/\/www.europesays.com\/fr\/130165\/","title":{"rendered":"\u00c0 Lille, Bruce Springsteen oppose sa vision de l\u2019Am\u00e9rique \u00e0 celle de Donald Trump"},"content":{"rendered":"<p>Interrompue par cause d\u2019extinction de voix en mai dernier, \u00e0 quelques heures d\u2019un concert marseillais tr\u00e8s attendu, la tourn\u00e9e de Bruce Springsteen, The Land of Hopes et and Dreams a pu reprendre sur les chapeaux de roues. Apr\u00e8s la m\u00e9saventure qui avait laiss\u00e9 son arm\u00e9e de fans fran\u00e7ais en deuil, le Boss s\u2019\u00e9tait engag\u00e9 \u00e0 revenir sur les lieux de la d\u00e9convenue.<\/p>\n<p>Et\u00a0tant qu\u2019\u00e0 faire\u00a0le voyage sur le vieux continent, autant prendre son temps et g\u00e2ter le public. Ce sont donc seize concerts que le natif du New Jersey a pr\u00e9vu d\u2019honorer jusqu\u2019au d\u00e9but de l\u2019\u00e9t\u00e9, de l\u2019Angleterre \u00e0 l\u2019Italie en passant par l\u2019Allemagne, la R\u00e9publique tch\u00e8que, l\u2019Espagne et bien s\u00fbr la France, \u00e0 Lille pour deux dates, puis \u00e0 Marseille o\u00f9 tout s\u2019\u00e9tait arr\u00eat\u00e9. Apr\u00e8s Manchester, la capitale du Nord \u00e9tait fin pr\u00eate pour accueillir un Boss \u00e9chaud\u00e9. C\u2019est que, depuis 2024, le pays qui l\u2019a vu na\u00eetre, et dont il a chroniqu\u00e9 les espoirs et les r\u00eaves, <a href=\"https:\/\/www.humanite.fr\/monde\/afrique-du-sud\/rencontre-trump-ramaphosa-nouvelle-scene-surrealiste-dans-le-bureau-ovale-a-base-de-fake-news-sur-un-genocide-des-blancs-en-afrique-du-sud\" target=\"_blank\" rel=\"noopener\">a renou\u00e9 avec ses d\u00e9mons r\u00e9actionnaires en pla\u00e7ant \u00e0 nouveau Donald Trump \u00e0 la t\u00eate de l\u2019\u00c9tat<\/a>.<\/p>\n<p>Un pr\u00e9sident revanchard que tout oppose au h\u00e9raut de la classe ouvri\u00e8re am\u00e9ricaine. On le savait pour avoir suivi les concerts de Manchester, Springsteen a d\u00e9terr\u00e9 la hache de guerre en proposant un panel de chansons tr\u00e8s politiques, entrecoup\u00e9es de discours enflamm\u00e9s\u00a0: \u00ab\u00a0l\u2019Am\u00e9rique que j\u2019aime, celle sur laquelle j\u2019ai \u00e9crit, (\u2026) est actuellement aux mains d\u2019une administration corrompue, incomp\u00e9tente et tra\u00eetresse\u00a0\u00bb l\u00e2che-t-il d\u2019embl\u00e9e.<\/p>\n<p>Gravit\u00e9 et \u00e9motion<\/p>\n<p>Ni une ni deux, Trump s\u2019est attaqu\u00e9 \u00e0 l\u2019ic\u00f4ne \u00e0 coups de messages fr\u00e9n\u00e9tiquement post\u00e9s sur ses r\u00e9seaux, l\u2019\u00e9rigeant en quelque sorte en ennemi principal. Un statut d\u2019autant plus ais\u00e9 \u00e0 endosser que l\u2019opposition \u00e0 Donald Trump peine \u00e0 se faire entendre aux \u00c9tats-Unis. La semaine derni\u00e8re, le m\u00eame Trump annon\u00e7ait qu\u2019il allait diligenter une \u00ab\u00a0enqu\u00eate approfondie\u00a0\u00bb contre Springsteen, <a href=\"https:\/\/www.humanite.fr\/monde\/bruce-springsteen\/bruce-springsteen-tete-daffiche-dun-rassemblement-en-soutien-a-kamala-harris\" target=\"_blank\" rel=\"noopener\">accus\u00e9 d\u2019avoir chant\u00e9 pour le camp d\u00e9mocrate dans la derni\u00e8re ligne\u00a0droite de la pr\u00e9sidentielle<\/a>. <\/p>\n<p>\u00ab\u00a0Une contribution ill\u00e9gale\u00a0\u00bb a os\u00e9 le pr\u00e9sident am\u00e9ricain, jamais en retard d\u2019un tacle contre la libert\u00e9 d\u2019expression et de cr\u00e9ation. Face \u00e0 ces tentatives d\u2019intimidations, Springsteen ne compte pas rendre les armes et c\u2019est avec un fort \u00e0 propos No Surrender (\u00abJe ne me rendrai pas\u00a0\u00bb), qu\u2019il a ouvert son concert lillois dans un stade Pierre Mauroy couvert pour l\u2019occasion et devant pr\u00e8s de 60\u00a0000 personnes, apr\u00e8s avoir r\u00e9p\u00e9t\u00e9 mot pour mot son discours de Manchester. Se sont encha\u00een\u00e9es Land of Hope and Dreams, Death to My Hometown, Lonesome Day, Seeds, Rainmaker (d\u00e9di\u00e9e \u00e0 \u00ab\u00a0notre cher leader\u00a0\u00bb), The Promised Land\u2026 des morceaux qui \u00e9voquent tous le rapport d\u2019ambivalence qu\u2019entretient le chanteur avec son pays.<\/p>\n<p>On a pu sentir une certaine gravit\u00e9 qui bridait quelque peu le Boss, r\u00e9put\u00e9 pour ses \u00e9ruptions volcaniques, m\u00eal\u00e9e \u00e0 une \u00e9motion confondante. C\u2019est aussi que Springsteen, gilet de costume et cravate fine, vient de f\u00eater ses 75\u00a0ans qui rendent d\u00e9sormais impossibles les harangues et les travers\u00e9es lat\u00e9rales virevoltantes qui faisaient sa signature.<\/p>\n<p>\u00ab\u00a0Pr\u00e9sident incomp\u00e9tent et gouvernement voyou\u00a0\u00bb<\/p>\n<p>Le point d\u2019orgue du concert fut incontestablement My City of Ruins, issue de The Rising, album qui avait contribu\u00e9 \u00e0 panser les plaies du pays, publi\u00e9 dans la foul\u00e9e <a href=\"https:\/\/www.humanite.fr\/monde\/attentats-du-11-septembre-2001\/le-cerveau-des-attentats-du-11-septembre-echappera-a-la-peine-de-mort\" target=\"_blank\" rel=\"noopener\">du 11\u00a0septembre 2001<\/a>. Dot\u00e9e d\u2019arrangements\u00a0soyeux, la chanson prenait un relief saisissant et l\u2019on avait in\u00e9vitablement envie d\u2019entendre \u00ab\u00a0country\u00a0\u00bb \u00e0 la place de \u00ab\u00a0city\u00a0\u00bb. L\u00e0 encore, la Boss a partag\u00e9 des mots forts. <\/p>\n<p>Le\u00a0nom du pr\u00e9sident am\u00e9ricain, jamais prononc\u00e9, r\u00e9sonnait\u00a0dans toutes les t\u00eates\u00a0: \u00ab\u00a0Aux \u00c9tats-Unis, on pers\u00e9cute des gens qui usent de leur droit \u00e0 la libert\u00e9 d\u2019expression et expriment leur d\u00e9saccord (\u2026). Les hommes les plus riches se complaisent \u00e0 abandonner les enfants les plus pauvres du monde \u00e0 la maladie et \u00e0 la mort (\u2026).\u00a0Dans mon pays, ils prennent un plaisir sadique \u00e0 infliger des souffrances \u00e0 de loyaux travailleurs am\u00e9ricains. Ils abrogent des lois historiques sur les droits civiques (\u2026). <a href=\"https:\/\/www.humanite.fr\/monde\/donald-trump\/donald-trump-interdit-a-harvard-de-recruter-des-etudiants-etrangers\" target=\"_blank\" rel=\"noopener\">Ils coupent le financement des universit\u00e9s am\u00e9ricaines<\/a> qui refusent de se plier \u00e0 leurs exigences id\u00e9ologiques. Ils expulsent des habitants des rues am\u00e9ricaines et, <a href=\"https:\/\/www.humanite.fr\/monde\/accueil-des-migrants\/une-attaque-xenophobe-discriminatoire-raciste-la-cour-supreme-autorise-trump-a-revoquer-le-statut-denviron-350-000-migrants-venezueliens\" target=\"_blank\" rel=\"noopener\">sans proc\u00e9dure l\u00e9gale, les d\u00e9portent vers des centres de d\u00e9tention et des prisons \u00e0 l\u2019\u00e9tranger<\/a>. (\u2026) La majorit\u00e9 de nos \u00e9lus n\u2019ont pas su prot\u00e9ger le peuple am\u00e9ricain des abus d\u2019un pr\u00e9sident incomp\u00e9tent et d\u2019un gouvernement voyou. Ils n\u2019ont aucune id\u00e9e de ce que signifie \u00eatre profond\u00e9ment am\u00e9ricain. L\u2019Am\u00e9rique que je vous chante depuis 50\u00a0ans est bien r\u00e9elle et, malgr\u00e9 ses d\u00e9fauts, c\u2019est un grand pays avec un grand peuple\u00a0\u00bb. <\/p>\n<p>Et le chanteur de conclure avec des mots emprunt\u00e9s \u00e0 <a href=\"https:\/\/www.humanite.fr\/culture-et-savoir\/james-baldwin\/la-croix-de-la-redemption-de-james-baldwin-tel-quen-lui-meme-a-titre-posthume\" target=\"_blank\" rel=\"noopener\">l\u2019\u00e9crivain et militant des droits civiques James Baldwin<\/a>\u00a0: \u00ab\u00a0Dans ce monde, il n\u2019y a pas autant d\u2019humanit\u00e9 qu\u2019on le souhaiterait, mais il y en a suffisamment\u00a0\u00bb.<\/p>\n<p>Un E-Street band impeccablement align\u00e9 autour du patron<\/p>\n<p>Springsteen pouvait ensuite d\u00e9rouler son fameux songbook dans une ambiance survolt\u00e9e\u00a0: Badlands, Thunder road, Because the Night, The Rising et une version surprenante de la moins connue Wrecking Ball. Puis ce fut l\u2019heure du rappel\u00a0: <a href=\"https:\/\/www.humanite.fr\/culture-et-savoir\/bruce-springsteen\/bruce-springsteen-le-pamphlet-incompris-de-born-in-the-usa\" target=\"_blank\" rel=\"noopener\">Born in the U.S.A<\/a>, Born to Run, Bobby Jean, Dancing in the Dark et Tenth Avenue Freeze-Out, morceau cuivr\u00e9 qui donne d\u00e9sormais l\u2019occasion de pr\u00e9senter son l\u00e9gendaire E Street Band.<\/p>\n<p>Avec les inamovibles Stevie Van Zandt et Nils Lofgren aux guitares, Garry Tallent \u00e0 la basse, Max\u00a0Weinberg \u00e0 la batterie, Roy Bittan aux claviers, son \u00e9pouse Patti Scialfa au chant et tambourin, tous v\u00e9t\u00e9rans mais impeccablement align\u00e9s autour du patron. Jack Clemons qui a remplac\u00e9\u00a0son oncle, le \u00ab\u00a0Big man\u00a0\u00bb Clarence Clemons au saxophone depuis son d\u00e9c\u00e8s en 2011, reprenait en puissance les chorus hymniques, une section de cuivres et quatre choristes donnaient de l\u2019ampleur\u00a0au fameux rock\u2019n soul springsteenien, tandis que Charles Giordano \u00e0 l\u2019accord\u00e9on\u00a0et Soozie Tyrell au violon apportaient leur touche folk.<\/p>\n<p>Bob Dylan et Woodie Guthrie<\/p>\n<p>Pour cl\u00f4turer les concerts de sa tourn\u00e9e, le Boss a r\u00e9serv\u00e9 deux surprises de taille qui enfoncent le clou politique.\u00a0Avec, d\u2019abord, Chimes of Freedom (\u00abLes carillons de la libert\u00e9\u00a0\u00bb), chanson de Bob Dylan qu\u2019il avait m\u00e9tamorphos\u00e9e en 1988 lors d\u2019un concert pour Amnesty International et n\u2019avait plus entonn\u00e9 depuis pr\u00e8s de 40\u00a0ans. Puis on attendait f\u00e9brilement This Land is your Land, manifeste de l\u2019Am\u00e9rique rouge \u00e9crit par <a href=\"https:\/\/www.humanite.fr\/culture-et-savoir\/musique\/woody-guthrie-la-voix-des-desherites-de-lamerique\" target=\"_blank\" rel=\"noopener\">Woody Guthrie<\/a> apr\u00e8s la Grande d\u00e9pression et qu\u2019il avait chant\u00e9 \u00e0 Manchester.<\/p>\n<p>Mais ce fut la version originale que diffus\u00e8rent\u00a0les haut-parleurs, accompagnant le public vers la sortie. Une petite d\u00e9ception qui n\u2019enl\u00e8ve rien \u00e0 l\u2019\u00e9nergie d\u00e9gag\u00e9e par ces 2\u00a0h\u00a040 de concert rythm\u00e9es par 24 chansons pioch\u00e9es dans un r\u00e9pertoire sans fond, et malgr\u00e9 le son ouat\u00e9 de l\u2019immense stade Pierre Mauroy. Les ann\u00e9es\u00a0passent et l\u2019usure du temps se fait immanquablement sentir, mais Springsteen fait preuve d\u2019une g\u00e9n\u00e9rosit\u00e9 et d\u2019un sens du partage qui \u00e9pousent toujours et \u00e9toffent encore son combat pour une Am\u00e9rique fraternelle qui achoppe sur des espoirs et des r\u00eaves sans cesse trahis.<\/p>\n<p>Au plus pr\u00e8s de celles et ceux qui cr\u00e9ent<\/p>\n<p>L\u2019Humanit\u00e9 a toujours revendiqu\u00e9 l\u2019id\u00e9e que <strong>la culture n\u2019est pas une marchandise<\/strong>, qu\u2019elle est une condition de la vie politique et de l\u2019\u00e9mancipation humaine.<\/p>\n<p>Face \u00e0 des politiques culturelles lib\u00e9rales, qui fragilisent le service public de la culture, le journal rend compte de la r\u00e9sistance des cr\u00e9ateurs et de tous les personnels de la culture, mais aussi des solidarit\u00e9s du public.<\/p>\n<p>Les partis pris insolites, audacieux, singuliers sont la marque de fabrique des pages culture du journal. Nos journalistes explorent <strong>les coulisses du monde de la culture et la gen\u00e8se des \u0153uvres<\/strong> qui font et bousculent l\u2019actualit\u00e9.<\/p>\n<p><strong>Aidez-nous \u00e0 d\u00e9fendre une id\u00e9e ambitieuse de la culture\u00a0!<\/strong><br \/><a href=\"https:\/\/www.humanite.fr\/lhumanite-cest-vous\" target=\"_blank\" rel=\"noopener\">Je veux en savoir plus\u00a0!<\/a><\/p>\n","protected":false},"excerpt":{"rendered":"Interrompue par cause d\u2019extinction de voix en mai dernier, \u00e0 quelques heures d\u2019un concert marseillais tr\u00e8s attendu, la&hellip;\n","protected":false},"author":2,"featured_media":130166,"comment_status":"","ping_status":"","sticky":false,"template":"","format":"standard","meta":{"footnotes":""},"categories":[2815],"tags":[1111,11,23078,75,1777,674,1011,27,811,1307,873,12,25,7040],"class_list":{"0":"post-130165","1":"post","2":"type-post","3":"status-publish","4":"format-standard","5":"has-post-thumbnail","7":"category-lille","8":"tag-actu","9":"tag-actualites","10":"tag-bruce-springsteen","11":"tag-donald-trump","12":"tag-eu","13":"tag-europe","14":"tag-fr","15":"tag-france","16":"tag-hauts-de-france","17":"tag-lille","18":"tag-musique","19":"tag-news","20":"tag-republique-francaise","21":"tag-rock"},"share_on_mastodon":{"url":"https:\/\/pubeurope.com\/@fr\/114576131576065403","error":""},"_links":{"self":[{"href":"https:\/\/www.europesays.com\/fr\/wp-json\/wp\/v2\/posts\/130165","targetHints":{"allow":["GET"]}}],"collection":[{"href":"https:\/\/www.europesays.com\/fr\/wp-json\/wp\/v2\/posts"}],"about":[{"href":"https:\/\/www.europesays.com\/fr\/wp-json\/wp\/v2\/types\/post"}],"author":[{"embeddable":true,"href":"https:\/\/www.europesays.com\/fr\/wp-json\/wp\/v2\/users\/2"}],"replies":[{"embeddable":true,"href":"https:\/\/www.europesays.com\/fr\/wp-json\/wp\/v2\/comments?post=130165"}],"version-history":[{"count":0,"href":"https:\/\/www.europesays.com\/fr\/wp-json\/wp\/v2\/posts\/130165\/revisions"}],"wp:featuredmedia":[{"embeddable":true,"href":"https:\/\/www.europesays.com\/fr\/wp-json\/wp\/v2\/media\/130166"}],"wp:attachment":[{"href":"https:\/\/www.europesays.com\/fr\/wp-json\/wp\/v2\/media?parent=130165"}],"wp:term":[{"taxonomy":"category","embeddable":true,"href":"https:\/\/www.europesays.com\/fr\/wp-json\/wp\/v2\/categories?post=130165"},{"taxonomy":"post_tag","embeddable":true,"href":"https:\/\/www.europesays.com\/fr\/wp-json\/wp\/v2\/tags?post=130165"}],"curies":[{"name":"wp","href":"https:\/\/api.w.org\/{rel}","templated":true}]}}