{"id":130175,"date":"2025-05-26T21:01:11","date_gmt":"2025-05-26T21:01:11","guid":{"rendered":"https:\/\/www.europesays.com\/fr\/130175\/"},"modified":"2025-05-26T21:01:11","modified_gmt":"2025-05-26T21:01:11","slug":"lalerte-des-eveques-dile-de-france-sur-leuthanasie","status":"publish","type":"post","link":"https:\/\/www.europesays.com\/fr\/130175\/","title":{"rendered":"l\u2019alerte des \u00e9v\u00eaques d\u2019Ile-de-France sur l\u2019euthanasie"},"content":{"rendered":"<p>Alors que les d\u00e9put\u00e9s voteront le 27 mai le texte proposant de l\u00e9galiser \u00ab\u00a0l\u2019aide \u00e0 mourir\u00a0\u00bb, les \u00e9v\u00eaques d\u2019Ile-de-France ont adress\u00e9 une lettre ouverte aux parlementaires. Ils y rappellent leur opposition \u00e0 cette loi et leur crainte quant \u00e0 de futurs glissements de son champ d\u2019application.<\/p>\n<p>\u00ab\u00a0Nous ressentons l\u2019imp\u00e9rieuse n\u00e9cessit\u00e9 de porter aujourd\u2019hui notre parole aupr\u00e8s de vous.\u00a0\u00bb Alors que la loi portant sur \u00ab\u00a0l\u2019aide \u00e0 mourir\u00a0\u00bb doit \u00eatre soumise au vote des d\u00e9put\u00e9s le 27 mai, les \u00e9v\u00eaques d\u2019Ile-de-France ont lanc\u00e9 un vibrant appel \u00e0 l\u2019ensemble des parlementaires dans une lettre ouverte ce 26 mai.<\/p>\n<p>\u00ab\u00a0Nous ne pouvons pas, sans r\u00e9agir, laisser dire que l\u2019esp\u00e9rance r\u00e9side dans ce que l\u2019on veut appeler un progr\u00e8s\u00a0\u00bb, s\u2019indignent les onze \u00e9v\u00eaques signataires. \u00ab\u00a0C\u2019est en tordant le sens des mots qu\u2019on veut nous faire accepter cette perspective et ce qui en d\u00e9coule\u00a0\u00bb, regrettent-ils alors que les pirouettes s\u00e9mantiques se sont multipli\u00e9es de la part des promoteurs de cette loi pour ne pas appeler par son nom l\u2019euthanasie et le suicide assist\u00e9.<\/p>\n","protected":false},"excerpt":{"rendered":"Alors que les d\u00e9put\u00e9s voteront le 27 mai le texte proposant de l\u00e9galiser \u00ab\u00a0l\u2019aide \u00e0 mourir\u00a0\u00bb, les \u00e9v\u00eaques&hellip;\n","protected":false},"author":2,"featured_media":130176,"comment_status":"","ping_status":"","sticky":false,"template":"","format":"standard","meta":{"footnotes":""},"categories":[1592],"tags":[1111,11,1777,674,3805,3799,3803,1011,27,662,3804,12,626,25,3800,3802,3801],"class_list":{"0":"post-130175","1":"post","2":"type-post","3":"status-publish","4":"format-standard","5":"has-post-thumbnail","7":"category-ile-de-france","8":"tag-actu","9":"tag-actualites","10":"tag-eu","11":"tag-europe","12":"tag-famille-catholique","13":"tag-famille-chretienne","14":"tag-famille-chretienne-actualites","15":"tag-fr","16":"tag-france","17":"tag-ile-de-france","18":"tag-magazine-famille-chretienne","19":"tag-news","20":"tag-paris","21":"tag-republique-francaise","22":"tag-site-catho","23":"tag-site-catholique","24":"tag-site-chretien"},"share_on_mastodon":{"url":"https:\/\/pubeurope.com\/@fr\/114576155349648775","error":""},"_links":{"self":[{"href":"https:\/\/www.europesays.com\/fr\/wp-json\/wp\/v2\/posts\/130175","targetHints":{"allow":["GET"]}}],"collection":[{"href":"https:\/\/www.europesays.com\/fr\/wp-json\/wp\/v2\/posts"}],"about":[{"href":"https:\/\/www.europesays.com\/fr\/wp-json\/wp\/v2\/types\/post"}],"author":[{"embeddable":true,"href":"https:\/\/www.europesays.com\/fr\/wp-json\/wp\/v2\/users\/2"}],"replies":[{"embeddable":true,"href":"https:\/\/www.europesays.com\/fr\/wp-json\/wp\/v2\/comments?post=130175"}],"version-history":[{"count":0,"href":"https:\/\/www.europesays.com\/fr\/wp-json\/wp\/v2\/posts\/130175\/revisions"}],"wp:featuredmedia":[{"embeddable":true,"href":"https:\/\/www.europesays.com\/fr\/wp-json\/wp\/v2\/media\/130176"}],"wp:attachment":[{"href":"https:\/\/www.europesays.com\/fr\/wp-json\/wp\/v2\/media?parent=130175"}],"wp:term":[{"taxonomy":"category","embeddable":true,"href":"https:\/\/www.europesays.com\/fr\/wp-json\/wp\/v2\/categories?post=130175"},{"taxonomy":"post_tag","embeddable":true,"href":"https:\/\/www.europesays.com\/fr\/wp-json\/wp\/v2\/tags?post=130175"}],"curies":[{"name":"wp","href":"https:\/\/api.w.org\/{rel}","templated":true}]}}