{"id":130177,"date":"2025-05-26T21:02:11","date_gmt":"2025-05-26T21:02:11","guid":{"rendered":"https:\/\/www.europesays.com\/fr\/130177\/"},"modified":"2025-05-26T21:02:11","modified_gmt":"2025-05-26T21:02:11","slug":"le-motard-de-la-brav-m-qui-a-roule-sur-un-manifestant-condamne-a-quitter-la-police","status":"publish","type":"post","link":"https:\/\/www.europesays.com\/fr\/130177\/","title":{"rendered":"Le motard de la Brav-M qui a roul\u00e9 sur un manifestant condamn\u00e9 \u00e0 quitter la police"},"content":{"rendered":"<p>Il va falloir songer \u00e0 une reconversion. Le tribunal correctionnel de <a href=\"https:\/\/www.20minutes.fr\/paris\/\" target=\"_blank\" class=\"color-ultramarine c-link\" rel=\"noopener\">Paris<\/a> a condamn\u00e9, lundi, deux membres de la <a href=\"https:\/\/www.20minutes.fr\/societe\/brav\/\" target=\"_blank\" class=\"color-ultramarine c-link\" rel=\"noopener\">Brav-M<\/a> \u00e0 des peines de prison avec sursis pour avoir violemment interpell\u00e9 un jeune homme lors d\u2019un rassemblement contre la r\u00e9forme des retraites.<\/p>\n<p>Le conducteur de la <a href=\"https:\/\/www.20minutes.fr\/sport\/moto\/\" target=\"_blank\" class=\"color-ultramarine c-link\" rel=\"noopener\">moto<\/a>, Vincent V., a \u00e9cop\u00e9 de douze mois de prison avec sursis. Il est \u00e9galement interdit \u00e0 vie d\u2019exercer en tant que policier ou gendarme et priv\u00e9 du port d\u2019armes pendant cinq ans. Le <a href=\"https:\/\/www.20minutes.fr\/dossier\/tribunal\" target=\"_blank\" class=\"color-ultramarine c-link\" rel=\"noopener\">tribunal<\/a> a justifi\u00e9 la s\u00e9v\u00e9rit\u00e9 de la peine par \u00ab\u00a0la gravit\u00e9 des faits\u00a0\u00bb. Son passager, Mathias M., a \u00e9t\u00e9 condamn\u00e9 \u00e0 huit mois de prison avec sursis pour avoir port\u00e9 plusieurs coups volontaires. Le troisi\u00e8me agent mis en cause a \u00e9t\u00e9 relax\u00e9, le tribunal estimant que son coup de pied n\u2019\u00e9tait pas une violence volontaire.<\/p>\n<p>Des peines sup\u00e9rieures aux r\u00e9quisitions du parquet<\/p>\n<p>Les peines prononc\u00e9es vont au-del\u00e0 des r\u00e9quisitions du parquet. \u00ab\u00a0C\u2019est une d\u00e9cision que nous n\u2019acceptons pas\u00a0!\u00a0\u00bb, a r\u00e9agi Me J\u00e9r\u00f4me Spyridonos, avocat de Vincent V., annon\u00e7ant imm\u00e9diatement son intention de faire appel. Les faits remontent au 21\u00a0mars 2023, dans le 12e\u00a0arrondissement de Paris. Deux \u00e9quipages de la Brigade de r\u00e9pression de l\u2019action violente motoris\u00e9e (Brav-M) \u00e9taient mobilis\u00e9s apr\u00e8s des jets de projectiles.<\/p>\n<\/p>\n<p>Un \u00e9tudiant de 19 ans, Valentin P., tentait de fuir les policiers \u00e0 moto. Il avait alors tr\u00e9buch\u00e9, avant d\u2019\u00eatre rattrap\u00e9 par les agents. Une vid\u00e9o amateur, massivement relay\u00e9e sur les <a href=\"https:\/\/www.20minutes.fr\/dossier\/reseaux_sociaux\" target=\"_blank\" class=\"color-ultramarine c-link\" rel=\"noopener\">r\u00e9seaux sociaux<\/a>, ainsi que des images issues de la cam\u00e9ra-pi\u00e9ton d\u2019un policier, montraient un motard fon\u00e7ant d\u00e9lib\u00e9r\u00e9ment sur la jambe du manifestant avant qu\u2019il ne soit violemment frapp\u00e9, au sol, accompagn\u00e9 d\u2019injures.<\/p>\n<p>Les m\u00e9thodes de la Brav-M mises en cause<\/p>\n<p>Dans la foul\u00e9e, les policiers avaient \u00e9chang\u00e9 avec des coll\u00e8gues\u00a0: \u00ab\u00a0On vient de percuter un mec, on l\u2019a d\u00e9mont\u00e9, on l\u2019a d\u00e9coup\u00e9\u00a0!\u00a0\u00bb La victime, \u00e9tudiant en sciences politiques, s\u2019\u00e9tait vue prescrire huit jours d\u2019incapacit\u00e9 totale de travail. Un rapport m\u00e9dical attestait aussi de graves ecchymoses et d\u2019un h\u00e9matome de 56\u00a0cm sur la jambe gauche.<\/p>\n<p><a href=\"https:\/\/www.20minutes.fr\/societe\/brav\/\" class=\"c-link c-btn c-btn--primary\" target=\"_blank\" rel=\"noopener\">Notre dossier sur la Brav-M<\/a><\/p>\n<p>Cette condamnation relance le d\u00e9bat sur les m\u00e9thodes de la Brav-M, unit\u00e9 controvers\u00e9e cr\u00e9\u00e9e en\u00a02019 pour intervenir rapidement lors de <a href=\"https:\/\/www.20minutes.fr\/dossier\/manifestation\" target=\"_blank\" class=\"color-ultramarine c-link\" rel=\"noopener\">manifestations<\/a> ou de violences urbaines. Elle fait r\u00e9guli\u00e8rement l\u2019objet d\u2019accusations d\u2019usage disproportionn\u00e9 de la force. Il y a quelques jours, un autre membre de la Brav-M a \u00e9t\u00e9 condamn\u00e9 pour des violences contre un observateur de la Ligue des droits de l&rsquo;homme lors de la manifestation du 1er\u00a0mai 2021.<\/p>\n","protected":false},"excerpt":{"rendered":"Il va falloir songer \u00e0 une reconversion. Le tribunal correctionnel de Paris a condamn\u00e9, lundi, deux membres de&hellip;\n","protected":false},"author":2,"featured_media":130178,"comment_status":"","ping_status":"","sticky":false,"template":"","format":"standard","meta":{"footnotes":""},"categories":[1888],"tags":[1111,1928,47,11,1927,25445,4073,1777,674,1011,27,662,303,12,1926,626,1925,1072,25,9418,133,7374],"class_list":{"0":"post-130177","1":"post","2":"type-post","3":"status-publish","4":"format-standard","5":"has-post-thumbnail","7":"category-paris","8":"tag-actu","9":"tag-actu-paris","10":"tag-actualite","11":"tag-actualites","12":"tag-actualites-paris","13":"tag-brav-m","14":"tag-condamnation","15":"tag-eu","16":"tag-europe","17":"tag-fr","18":"tag-france","19":"tag-ile-de-france","20":"tag-justice","21":"tag-news","22":"tag-news-paris","23":"tag-paris","24":"tag-paris-news","25":"tag-police","26":"tag-republique-francaise","27":"tag-victime","28":"tag-video","29":"tag-violences-policieres"},"share_on_mastodon":{"url":"https:\/\/pubeurope.com\/@fr\/114576159134725485","error":""},"_links":{"self":[{"href":"https:\/\/www.europesays.com\/fr\/wp-json\/wp\/v2\/posts\/130177","targetHints":{"allow":["GET"]}}],"collection":[{"href":"https:\/\/www.europesays.com\/fr\/wp-json\/wp\/v2\/posts"}],"about":[{"href":"https:\/\/www.europesays.com\/fr\/wp-json\/wp\/v2\/types\/post"}],"author":[{"embeddable":true,"href":"https:\/\/www.europesays.com\/fr\/wp-json\/wp\/v2\/users\/2"}],"replies":[{"embeddable":true,"href":"https:\/\/www.europesays.com\/fr\/wp-json\/wp\/v2\/comments?post=130177"}],"version-history":[{"count":0,"href":"https:\/\/www.europesays.com\/fr\/wp-json\/wp\/v2\/posts\/130177\/revisions"}],"wp:featuredmedia":[{"embeddable":true,"href":"https:\/\/www.europesays.com\/fr\/wp-json\/wp\/v2\/media\/130178"}],"wp:attachment":[{"href":"https:\/\/www.europesays.com\/fr\/wp-json\/wp\/v2\/media?parent=130177"}],"wp:term":[{"taxonomy":"category","embeddable":true,"href":"https:\/\/www.europesays.com\/fr\/wp-json\/wp\/v2\/categories?post=130177"},{"taxonomy":"post_tag","embeddable":true,"href":"https:\/\/www.europesays.com\/fr\/wp-json\/wp\/v2\/tags?post=130177"}],"curies":[{"name":"wp","href":"https:\/\/api.w.org\/{rel}","templated":true}]}}