{"id":130185,"date":"2025-05-26T21:06:11","date_gmt":"2025-05-26T21:06:11","guid":{"rendered":"https:\/\/www.europesays.com\/fr\/130185\/"},"modified":"2025-05-26T21:06:11","modified_gmt":"2025-05-26T21:06:11","slug":"vladimir-poutine-menace-detrangler-les-entreprises-occidentales-qui-restent-en-russie","status":"publish","type":"post","link":"https:\/\/www.europesays.com\/fr\/130185\/","title":{"rendered":"Vladimir Poutine menace d&rsquo;\u00ab\u00e9trangler\u00bb les entreprises occidentales qui restent en Russie"},"content":{"rendered":"<p>De nombreuses entreprises occidentales ont quitt\u00e9 la Russie ou r\u00e9duit consid\u00e9rablement leurs activit\u00e9s dans le pays apr\u00e8s que Moscou a lanc\u00e9 son offensive militaire en Ukraine en f\u00e9vrier 2022.<\/p>\n<p class=\"fig-paragraph\">Le pr\u00e9sident russe\u00a0<a href=\"http:\/\/www.lefigaro.fr\/international\/en-exigeant-une-reddition-de-l-ukraine-vladimir-poutine-campe-sur-sa-position-maximaliste-20250518\" target=\"_blank\" data-fig-type=\"Article\" rel=\"noopener nofollow\" data-gtm-custom-categorie=\"navigation\" data-gtm-custom-action=\"crossclick\" data-gtm-custom-label=\"Contextuel\" data-gtm-event=\"customEventSPE\" data-fig-domain=\"LEFIGARO\">Vladimir Poutine<\/a>\u00a0a menac\u00e9 lundi d&rsquo;\u00ab\u00e9trangler\u00bb les entreprises occidentales restant en Russie et agissant contre ses int\u00e9r\u00eats, dans le cadre des efforts de Moscou pour renforcer le d\u00e9veloppement de logiciels russes.<\/p>\n<p class=\"fig-paragraph\">\u00abNous devons les \u00e9trangler. Je suis compl\u00e8tement d&rsquo;accord, et je le dis sans h\u00e9sitation\u00bb, a d\u00e9clar\u00e9 Vladimir Poutine en r\u00e9ponse \u00e0 l&rsquo;appel d&rsquo;un homme d&rsquo;affaires \u00e0 restreindre les activit\u00e9s des entreprises technologiques am\u00e9ricaines Zoom et\u00a0<a href=\"http:\/\/www.lefigaro.fr\/secteur\/high-tech\/microsoft-va-supprimer-jusqu-a-7-000-emplois-dans-le-monde-20250513\" target=\"_blank\" data-fig-type=\"Article\" rel=\"noopener nofollow\" data-gtm-custom-categorie=\"navigation\" data-gtm-custom-action=\"crossclick\" data-gtm-custom-label=\"Contextuel\" data-gtm-event=\"customEventSPE\" data-fig-domain=\"LEFIGARO\">Microsoft<\/a>, qui ne fournissent actuellement que des services limit\u00e9s en\u00a0<a href=\"http:\/\/www.lefigaro.fr\/international\/papa-rentre-a-la-maison-quand-des-anciens-soldats-ukrainiens-profitent-d-un-echange-de-prisonniers-avec-la-russie-20250525\" target=\"_blank\" data-fig-type=\"Article\" rel=\"noopener nofollow\" data-gtm-custom-categorie=\"navigation\" data-gtm-custom-action=\"crossclick\" data-gtm-custom-label=\"Contextuel\" data-gtm-event=\"customEventSPE\" data-fig-domain=\"LEFIGARO\">Russie<\/a>.<\/p>\n<p>\u00abRefl\u00e9ter leurs actions\u00bb<\/p>\n<p class=\"fig-paragraph\">De nombreuses entreprises occidentales ont quitt\u00e9 la Russie ou r\u00e9duit consid\u00e9rablement leurs activit\u00e9s dans le pays apr\u00e8s que Moscou a lanc\u00e9 son offensive militaire en Ukraine en f\u00e9vrier 2022, entra\u00eenant une s\u00e9rie de sanctions \u00e9conomiques de la part des alli\u00e9s de Kiev. \u00abNous n&rsquo;avons expuls\u00e9 personne&#8230; Nous avons offert les conditions les plus favorables pour qu&rsquo;ils travaillent sur notre march\u00e9, et eux, ils essaient de nous \u00e9trangler\u00bb, a poursuivi le pr\u00e9sident russe lors d&rsquo;une r\u00e9union avec des entrepreneurs, sans pr\u00e9ciser comment exactement les entreprises occidentales nuisent \u00e0 la Russie.<\/p>\n<p class=\"fig-paragraph\">\u00abNous devons r\u00e9pondre de la m\u00eame mani\u00e8re, refl\u00e9ter leurs actions\u00bb, a ajout\u00e9 le pr\u00e9sident russe, qui a consid\u00e9rablement durci les conditions de sortie du pays pour les entreprises cherchant \u00e0 quitter la Russie, en for\u00e7ant beaucoup \u00e0 vendre leurs actifs avec des rabais importants.<\/p>\n<p class=\"fig-paragraph\">Cependant, en avril, Kirill Dmitriev, patron du fonds souverain russe et envoy\u00e9 sp\u00e9cial de Poutine pour la coop\u00e9ration \u00e9conomique, a affirm\u00e9 que son fonds avait re\u00e7u de nombreuses demandes d&rsquo;entreprises am\u00e9ricaines souhaitant revenir en Russie. Jusqu&rsquo;\u00e0 pr\u00e9sent, aucune grande entreprise occidentale n&rsquo;a publiquement annonc\u00e9 ses plans pour revenir dans ce pays.<\/p>\n<p class=\"fig-paragraph\">Certaines entreprises ont s\u00e9curis\u00e9 des options de rachat apr\u00e8s avoir vendu leurs actifs \u00e0 leur direction locale, laissant la porte ouverte \u00e0 un \u00e9ventuel retour en Russie. Les entreprises qui ont compl\u00e8tement quitt\u00e9 la Russie, comme la cha\u00eene de restauration rapide am\u00e9ricaine McDonald&rsquo;s, ne recevront pas un accueil chaleureux si elles d\u00e9cident de revenir, a pr\u00e9venu Vladimir Poutine.\u00a0<a href=\"http:\/\/www.lefigaro.fr\/flash-eco\/mcdonald-s-repli-des-resultats-au-quatrieme-trimestre-marche-domestique-a-la-peine-20250210\" target=\"_blank\" data-fig-type=\"NewsFlash\" rel=\"noopener nofollow\" data-gtm-custom-categorie=\"navigation\" data-gtm-custom-action=\"crossclick\" data-gtm-custom-label=\"Contextuel\" data-gtm-event=\"customEventSPE\" data-fig-domain=\"LEFIGARO\">McDonald&rsquo;s<\/a>\u00a0a \u00abmis tout le monde dans une situation difficile\u00bb, a-t-il critiqu\u00e9. \u00abIls sont partis, et maintenant, s&rsquo;ils veulent revenir, sommes-nous cens\u00e9s leur d\u00e9rouler le tapis? Non, bien s\u00fbr que non\u00bb, a-t-il dit.<\/p>\n","protected":false},"excerpt":{"rendered":"De nombreuses entreprises occidentales ont quitt\u00e9 la Russie ou r\u00e9duit consid\u00e9rablement leurs activit\u00e9s dans le pays apr\u00e8s que&hellip;\n","protected":false},"author":2,"featured_media":130186,"comment_status":"","ping_status":"","sticky":false,"template":"","format":"standard","meta":{"footnotes":""},"categories":[1591],"tags":[259,11,260,1887,14,261,12,262,1885,1886,132,135],"class_list":{"0":"post-130185","1":"post","2":"type-post","3":"status-publish","4":"format-standard","5":"has-post-thumbnail","7":"category-russie","8":"tag-actualite-internationale","9":"tag-actualites","10":"tag-affaires-etrangeres","11":"tag-federation-de-russie","12":"tag-international","13":"tag-ministere-des-affaires-etrangeres","14":"tag-news","15":"tag-politique-etrangere","16":"tag-russia","17":"tag-russian-federation","18":"tag-russie","19":"tag-vladimir-poutine"},"share_on_mastodon":{"url":"https:\/\/pubeurope.com\/@fr\/114576174836062729","error":""},"_links":{"self":[{"href":"https:\/\/www.europesays.com\/fr\/wp-json\/wp\/v2\/posts\/130185","targetHints":{"allow":["GET"]}}],"collection":[{"href":"https:\/\/www.europesays.com\/fr\/wp-json\/wp\/v2\/posts"}],"about":[{"href":"https:\/\/www.europesays.com\/fr\/wp-json\/wp\/v2\/types\/post"}],"author":[{"embeddable":true,"href":"https:\/\/www.europesays.com\/fr\/wp-json\/wp\/v2\/users\/2"}],"replies":[{"embeddable":true,"href":"https:\/\/www.europesays.com\/fr\/wp-json\/wp\/v2\/comments?post=130185"}],"version-history":[{"count":0,"href":"https:\/\/www.europesays.com\/fr\/wp-json\/wp\/v2\/posts\/130185\/revisions"}],"wp:featuredmedia":[{"embeddable":true,"href":"https:\/\/www.europesays.com\/fr\/wp-json\/wp\/v2\/media\/130186"}],"wp:attachment":[{"href":"https:\/\/www.europesays.com\/fr\/wp-json\/wp\/v2\/media?parent=130185"}],"wp:term":[{"taxonomy":"category","embeddable":true,"href":"https:\/\/www.europesays.com\/fr\/wp-json\/wp\/v2\/categories?post=130185"},{"taxonomy":"post_tag","embeddable":true,"href":"https:\/\/www.europesays.com\/fr\/wp-json\/wp\/v2\/tags?post=130185"}],"curies":[{"name":"wp","href":"https:\/\/api.w.org\/{rel}","templated":true}]}}