{"id":130197,"date":"2025-05-26T21:13:15","date_gmt":"2025-05-26T21:13:15","guid":{"rendered":"https:\/\/www.europesays.com\/fr\/130197\/"},"modified":"2025-05-26T21:13:15","modified_gmt":"2025-05-26T21:13:15","slug":"selon-lamf-plusieurs-pays-de-lue-freinent-sur-la-directive-csrd","status":"publish","type":"post","link":"https:\/\/www.europesays.com\/fr\/130197\/","title":{"rendered":"Selon l\u2019AMF, plusieurs pays de l&rsquo;UE freinent sur la directive CSRD"},"content":{"rendered":"<p class=\"fig-paragraph\">\u00abUne petite dizaine de pays\u00bb de l&rsquo;Union europ\u00e9enne n&rsquo;ont pas encore transpos\u00e9 la directive europ\u00e9enne dite \u00abCSRD\u00bb, qui oblige les grandes entreprises \u00e0 publier des rapports de\u00a0<a href=\"http:\/\/www.lefigaro.fr\/decideurs\/la-durabilite-permet-aux-societes-de-se-developper-de-facon-plus-ethique-la-rse-arrive-au-programme-des-grandes-ecoles-20241117\" target=\"_blank\" data-fig-type=\"Article\" rel=\"noopener\" data-gtm-custom-categorie=\"navigation\" data-gtm-custom-action=\"crossclick\" data-gtm-custom-label=\"Contextuel\" data-gtm-event=\"customEventSPE\" data-fig-domain=\"LEFIGARO\">durabilit\u00e9<\/a>\u00a0d\u00e9taillant, entre autres, les cons\u00e9quences de leur activit\u00e9 sur l&rsquo;environnement, selon l&rsquo;AMF. \u00abLa CSRD a \u00e9t\u00e9 transpos\u00e9e en France, nous avons donc un mandat l\u00e9gislatif, mais ce n&rsquo;est pas le cas d&rsquo;une petite dizaine de pays europ\u00e9ens\u00bb, a soulign\u00e9 lundi Marie-Anne Barbat-Layani, la pr\u00e9sidente de l&rsquo;Autorit\u00e9 des march\u00e9s financiers (AMF), lors d&rsquo;une conf\u00e9rence de presse \u00e0 l&rsquo;occasion de la publication du rapport annuel 2024 de l&rsquo;institution.<\/p>\n<p class=\"fig-paragraph\">Or, ces pays \u00abne vont pas\u00bb transposer la CSRD telle qu&rsquo;elle est aujourd&rsquo;hui \u00ab\u00e9tant donn\u00e9 que les r\u00e8gles seront s\u00fbrement all\u00e9g\u00e9es prochainement\u00bb, a poursuivi la pr\u00e9sidente de l&rsquo;autorit\u00e9 de contr\u00f4le des march\u00e9s financiers en France. Selon le g\u00e9rant d&rsquo;actifs Schroders, au sein de l&rsquo;Union europ\u00e9enne, 19 \u00c9tats membres ont transpos\u00e9 \u00e0 ce jour la directive CSRD, dont la France et l&rsquo;Italie, et six ont seulement introduit un projet de loi: l&rsquo;Allemagne, l&rsquo;Espagne, les Pays-Bas, le Luxembourg, l&rsquo;Autriche et Chypre, bien que le d\u00e9lai de transposition ait \u00e9t\u00e9 fix\u00e9 \u00e0 juillet 2024 par la Commission europ\u00e9enne.<\/p>\n<p class=\"fig-paragraph\">Depuis novembre, un projet de loi de la nouvelle Commission dit \u00abomnibus\u00bb vise \u00e0 simplifier les trois textes qui forment le Pacte Vert europ\u00e9en et dont la CSRD fait partie. La \u00absimplification\u00bb du texte pr\u00e9voit de r\u00e9duire de 80% le nombre d&rsquo;entreprises concern\u00e9es par la directive, dont la mise en oeuvre est jug\u00e9e trop complexe notamment par les organisations patronales. En France, \u00abla quasi-totalit\u00e9 des entreprises concern\u00e9es ont rendu un rapport\u00bb de durabilit\u00e9 a pr\u00e9cis\u00e9 Astrid Milsan, la secr\u00e9taire g\u00e9n\u00e9rale adjointe de l&rsquo;AMF.<\/p>\n<p class=\"fig-paragraph\">Ailleurs en Europe, \u00abm\u00eame s&rsquo;il n&rsquo;y pas d&rsquo;obligation l\u00e9gale parce que tous les pays n&rsquo;ont pas encore transpos\u00e9, il y a quand m\u00eame une pression mise sur les entreprises\u00bb par le secteur financier, explique Elisabeth Ottawa, responsable de la politique publique pour l&rsquo;Europe du g\u00e9rant d&rsquo;actifs Schroders. \u00abNous, comme asset managers, sommes aussi oblig\u00e9s de faire du reporting et nous publions des donn\u00e9es fond\u00e9es sur les rapports des entreprises\u00bb, a-t-elle poursuivi. Pour pouvoir constituer un fonds d&rsquo;investissement par exemple et le cat\u00e9goriser comme un produit financier durable, le gestionnaire d&rsquo;actifs doit pouvoir acc\u00e9der \u00e0 un certain nombre de donn\u00e9es, lui \u00e9vitant d&rsquo;\u00eatre accus\u00e9 de faire de l&rsquo;\u00e9co-blanchiment ou \u00abgreenwashing\u00bb.<\/p>\n","protected":false},"excerpt":{"rendered":"\u00abUne petite dizaine de pays\u00bb de l&rsquo;Union europ\u00e9enne n&rsquo;ont pas encore transpos\u00e9 la directive europ\u00e9enne dite \u00abCSRD\u00bb, qui&hellip;\n","protected":false},"author":2,"featured_media":130198,"comment_status":"","ping_status":"","sticky":false,"template":"","format":"standard","meta":{"footnotes":""},"categories":[1586],"tags":[1111,47,11,25446,1117,1109,1112,636,51,341,257,1777,674,1779,632,1108,107,1106,1107,1119,1011,27,1116,1110,1114,500,12,1113,1118,25,137,401,1115,1778,364],"class_list":{"0":"post-130197","1":"post","2":"type-post","3":"status-publish","4":"format-standard","5":"has-post-thumbnail","7":"category-europe","8":"tag-actu","9":"tag-actualite","10":"tag-actualites","11":"tag-amf","12":"tag-assurance","13":"tag-breves","14":"tag-depeches","15":"tag-devises","16":"tag-ecologie","17":"tag-emploi","18":"tag-entreprise","19":"tag-eu","20":"tag-europe","21":"tag-european-union","22":"tag-fcp","23":"tag-fil","24":"tag-fil-info","25":"tag-flash","26":"tag-flash-actu","27":"tag-formation","28":"tag-fr","29":"tag-france","30":"tag-immobilier","31":"tag-informations","32":"tag-infos","33":"tag-medias","34":"tag-news","35":"tag-nouvelles","36":"tag-placement","37":"tag-republique-francaise","38":"tag-retraite","39":"tag-sicav","40":"tag-taux","41":"tag-ue","42":"tag-union-europeenne"},"share_on_mastodon":{"url":"https:\/\/pubeurope.com\/@fr\/114576202347943938","error":""},"_links":{"self":[{"href":"https:\/\/www.europesays.com\/fr\/wp-json\/wp\/v2\/posts\/130197","targetHints":{"allow":["GET"]}}],"collection":[{"href":"https:\/\/www.europesays.com\/fr\/wp-json\/wp\/v2\/posts"}],"about":[{"href":"https:\/\/www.europesays.com\/fr\/wp-json\/wp\/v2\/types\/post"}],"author":[{"embeddable":true,"href":"https:\/\/www.europesays.com\/fr\/wp-json\/wp\/v2\/users\/2"}],"replies":[{"embeddable":true,"href":"https:\/\/www.europesays.com\/fr\/wp-json\/wp\/v2\/comments?post=130197"}],"version-history":[{"count":0,"href":"https:\/\/www.europesays.com\/fr\/wp-json\/wp\/v2\/posts\/130197\/revisions"}],"wp:featuredmedia":[{"embeddable":true,"href":"https:\/\/www.europesays.com\/fr\/wp-json\/wp\/v2\/media\/130198"}],"wp:attachment":[{"href":"https:\/\/www.europesays.com\/fr\/wp-json\/wp\/v2\/media?parent=130197"}],"wp:term":[{"taxonomy":"category","embeddable":true,"href":"https:\/\/www.europesays.com\/fr\/wp-json\/wp\/v2\/categories?post=130197"},{"taxonomy":"post_tag","embeddable":true,"href":"https:\/\/www.europesays.com\/fr\/wp-json\/wp\/v2\/tags?post=130197"}],"curies":[{"name":"wp","href":"https:\/\/api.w.org\/{rel}","templated":true}]}}