{"id":130213,"date":"2025-05-26T21:24:13","date_gmt":"2025-05-26T21:24:13","guid":{"rendered":"https:\/\/www.europesays.com\/fr\/130213\/"},"modified":"2025-05-26T21:24:13","modified_gmt":"2025-05-26T21:24:13","slug":"challenge-dv-grosse-concentration-a-lessor-breton-actualite","status":"publish","type":"post","link":"https:\/\/www.europesays.com\/fr\/130213\/","title":{"rendered":"Challenge DV : Grosse concentration \u00e0 l&rsquo;Essor Breton &#8211; Actualit\u00e9"},"content":{"rendered":"<p style=\"text-align: justify;\">En ce mois de mai, les coureurs des clubs fran\u00e7ais ne savent plus o\u00f9 donner de la t\u00eate. La semaine derni\u00e8res, ils ont pu marquer des points pour le Challenge DV dans treize courses, jusqu&rsquo;au pays du Soleil levant o\u00f9 le Team Buffaz Gestion de patrimoine \u00e9tait engag\u00e9 au Tour du Japon. Mais ce sont les \u00e9preuves fran\u00e7aises qui ont apport\u00e9 le plus de points avec notamment quatre courses \u00e0 \u00e9tapes : la Ronde de l&rsquo;Isard, le Tour de la Manche, l&rsquo;Essor Breton et le Grand Prix du 22 M\u00e9.<\/p>\n<p>Mais c&rsquo;est l&rsquo;Essor Breton qui pr\u00e9sentait la plus forte concentration de coureurs du Challenge puisque les quatre premiers du classement de ce lundi \u00e9taient pr\u00e9sents en Bretagne. Matthew Fox a repris sa marche en avant en gagnant pour la cinqui\u00e8me fois de la saison, la troisi\u00e8me en Bretagne. L&rsquo;Australien du VC Rouen 76 compte maintenant 149 points d&rsquo;avance sur Louis Hardouin. Le coureur du Guidon Chalettois n&rsquo;a pas gagn\u00e9, contrairement au Tour du Loiret la semaine d&rsquo;avant, mais il a tout de m\u00eame empoch\u00e9 89 points et reste 2e.<\/p>\n<p>La troisi\u00e8me marche du podium a \u00e9t\u00e9 disput\u00e9e entre deux coureurs de l&rsquo;Essor. C&rsquo;est tout d&rsquo;abord Tom Mainguenaud qui a occup\u00e9 provisoirement cette 3e place apr\u00e8s sa victoire le premier jour. Le soci\u00e9taire de Mayenne-V and B-Monbana a marqu\u00e9 80 points en quatre jours. Alfred George n&rsquo;a pas gagn\u00e9 en Bretagne mais il a marqu\u00e9 des points tous les jours. L&rsquo;Ecossais du SCO Dijon-Team Materiel-velo a amass\u00e9 144 points et gagne trois places en une semaine et retrouve le podium du Challenge DV apr\u00e8s en avoir d\u00e9j\u00e0 occup\u00e9 la 2e place.<\/p>\n<p><strong>LA RONDE DE L&rsquo;ISARD BOUSCULE LE CLASSEMENT ESPOIRS<\/strong><\/p>\n<p>Du c\u00f4t\u00e9 des Espoirs, c&rsquo;est bien s\u00fbr du c\u00f4t\u00e9 de la Ronde de l&rsquo;Isard (2.2U) que le classement a \u00e9volu\u00e9. Victor Loulergue, 2e d&rsquo;un boyau de la premi\u00e8re \u00e9tape derri\u00e8re son co\u00e9quipier Huw Buck Jones, termine 12e du g\u00e9n\u00e9ral. Il a marqu\u00e9 dans les Pyr\u00e9n\u00e9es 73 points juste ce qu&rsquo;il fallait au coureur de Bourg-en-Bresse Ain Cyclisme pour passer devant Matthias Sanlaville (Atria Montlu\u00e7on Cyclisme) au classement Espoirs du Challenge DV. Victor Loulergue est \u00e9galement 2e du classement des Espoirs de Conti, entre Emmanuel Houcou (Ark\u00e9a-B&amp;B H\u00f4tels) et Pierre-Henry Basset (XDS Astana Development). Le 3e du classement Espoirs a \u00e9galement profit\u00e9 de la Ronde de l&rsquo;Isard. Manu Gu\u00e9rinel (PCO) s&rsquo;est class\u00e9 2e de la 3e \u00e9tape apr\u00e8s une longue journ\u00e9e du club parisien (<a href=\"https:\/\/www.directvelo.com\/actualite\/120868\/les-larmes-aux-yeux-la-folle-poursuite-du-paris-cycliste-olympique-dans-la-montagne\" target=\"_blank\" rel=\"noopener\"><strong>lire ici<\/strong><\/a>). Les 40 points qui vont avec confortent sa 3e place.<\/p>\n<p>Dans le classement des 19 ans du Challenge DirectVelo, Antoine Basset profite lui aussi de l&rsquo;Essor Breton pour prendre la t\u00eate. Le repr\u00e9sentant du VC Pays de Loud\u00e9ac, 15e du g\u00e9n\u00e9ral, a ajout\u00e9 28 points \u00e0 son total. Il devance Sacha Bergaud (SCO Dijon-Team Materiel-velo) qui avait profit\u00e9 de l&rsquo;Orlen Grand Prix et son co\u00e9quipier Kylian Breton qui a r\u00e9alis\u00e9 un bel Essor Breton (11e du g\u00e9n\u00e9ral, 3e de la 2e \u00e9tape).<\/p>\n<p>Suivez le Challenge DV <a href=\"https:\/\/www.directvelo.com\/challenge\/2025\/5\" target=\"_blank\" rel=\"noopener\"><strong>en cliquant ici<\/strong><\/a>.<\/p>\n<p><strong>Classement individuel du Challenge DV<\/strong> :<\/p>\n<p style=\"text-align: justify;\"><strong>Classement Espoirs du Challenge DV<\/strong> :<\/p>\n<p style=\"text-align: justify;\"><strong>Classement des 19 ans du Challenge DV<\/strong> :<\/p>\n<p style=\"text-align: justify;\"><strong>Classement des Espoirs Conti du Challenge DV<\/strong> :<\/p>\n","protected":false},"excerpt":{"rendered":"En ce mois de mai, les coureurs des clubs fran\u00e7ais ne savent plus o\u00f9 donner de la t\u00eate.&hellip;\n","protected":false},"author":2,"featured_media":130214,"comment_status":"","ping_status":"","sticky":false,"template":"","format":"standard","meta":{"footnotes":""},"categories":[1411],"tags":[834,828,836,829,837,827,83,826,824,823,1154,207,814,817,815,816,822,821,832,211,839,1011,27,820,818,819,835,831,830,833,838,60,212,208,825],"class_list":{"0":"post-130213","1":"post","2":"type-post","3":"status-publish","4":"format-standard","5":"has-post-thumbnail","7":"category-cyclisme","8":"tag-attaque","9":"tag-belgique","10":"tag-braquet","11":"tag-bretagne","12":"tag-chute","13":"tag-competition","14":"tag-coupe-de-france","15":"tag-coureur","16":"tag-course-cyclisme","17":"tag-course-cycliste","18":"tag-cycling","19":"tag-cyclisme","20":"tag-direct","21":"tag-direct-velo","22":"tag-directvelo","23":"tag-directvelo-com","24":"tag-epreuve","25":"tag-epreuve-cycliste","26":"tag-federation-francaise-de-cyclisme","27":"tag-ffc","28":"tag-flandres","29":"tag-fr","30":"tag-france","31":"tag-live","32":"tag-live-course","33":"tag-live-epreuve","34":"tag-peloton","35":"tag-radio-peloton","36":"tag-radio-tour","37":"tag-ravitaillement","38":"tag-relance","39":"tag-sports","40":"tag-uci","41":"tag-velo","42":"tag-velos"},"share_on_mastodon":{"url":"https:\/\/pubeurope.com\/@fr\/114576245661703234","error":""},"_links":{"self":[{"href":"https:\/\/www.europesays.com\/fr\/wp-json\/wp\/v2\/posts\/130213","targetHints":{"allow":["GET"]}}],"collection":[{"href":"https:\/\/www.europesays.com\/fr\/wp-json\/wp\/v2\/posts"}],"about":[{"href":"https:\/\/www.europesays.com\/fr\/wp-json\/wp\/v2\/types\/post"}],"author":[{"embeddable":true,"href":"https:\/\/www.europesays.com\/fr\/wp-json\/wp\/v2\/users\/2"}],"replies":[{"embeddable":true,"href":"https:\/\/www.europesays.com\/fr\/wp-json\/wp\/v2\/comments?post=130213"}],"version-history":[{"count":0,"href":"https:\/\/www.europesays.com\/fr\/wp-json\/wp\/v2\/posts\/130213\/revisions"}],"wp:featuredmedia":[{"embeddable":true,"href":"https:\/\/www.europesays.com\/fr\/wp-json\/wp\/v2\/media\/130214"}],"wp:attachment":[{"href":"https:\/\/www.europesays.com\/fr\/wp-json\/wp\/v2\/media?parent=130213"}],"wp:term":[{"taxonomy":"category","embeddable":true,"href":"https:\/\/www.europesays.com\/fr\/wp-json\/wp\/v2\/categories?post=130213"},{"taxonomy":"post_tag","embeddable":true,"href":"https:\/\/www.europesays.com\/fr\/wp-json\/wp\/v2\/tags?post=130213"}],"curies":[{"name":"wp","href":"https:\/\/api.w.org\/{rel}","templated":true}]}}