{"id":130225,"date":"2025-05-26T21:30:17","date_gmt":"2025-05-26T21:30:17","guid":{"rendered":"https:\/\/www.europesays.com\/fr\/130225\/"},"modified":"2025-05-26T21:30:17","modified_gmt":"2025-05-26T21:30:17","slug":"julien-clerc-fait-de-rares-confidences-sur-ses-cinq-enfants","status":"publish","type":"post","link":"https:\/\/www.europesays.com\/fr\/130225\/","title":{"rendered":"Julien Clerc fait de rares confidences sur ses cinq enfants"},"content":{"rendered":"<p>De passage dans La bande originale sur France Inter, Julien Clerc a pr\u00e9sent\u00e9 son nouvel album et en a profit\u00e9 pour se laisser aller \u00e0 de rares confidences sur ses enfants.<\/p>\n<p>Le temps passe mais Julien Clerc est toujours pr\u00e9sent sur le devant de la sc\u00e8ne. \u00c0 bient\u00f4t 78 ans, le chanteur sort son nouvel album, le vingt-huiti\u00e8me. Un disque, intitul\u00e9 Une vie, dans lequel il rend notamment hommage \u00e0 <a href=\"https:\/\/www.programme-tv.net\/news\/people\/379384-il-les-a-rejoints-cette-tendre-pensee-de-julien-clerc-pour-ses-parents-et-son-frere-gerard-leclerc-disparu-dans-un-accident-d-avion\/\" data-api-deeplink=\"teleloisirs:\/\/news\/379384\" target=\"_blank\" rel=\"noopener\">son fr\u00e8re G\u00e9rard Leclerc, d\u00e9c\u00e9d\u00e9 subitement le 15 ao\u00fbt 2023 alors qu&rsquo;il pilotait un petit avion.<\/a> Depuis, il ne manque jamais de saluer sa m\u00e9moire, que ce soit dans les m\u00e9dias ou sur sc\u00e8ne. Mais le journaliste n&rsquo;est pas l&rsquo;unique proche dont Julien Clerc parle dans son album puisqu&rsquo;il \u00e9voque \u00e9galement ses enfants dans Un p\u00e8re c&rsquo;est fait pour \u00e7a.<\/p>\n<p>Julien Clerc, tr\u00e8s g\u00ean\u00e9 de parler de ses enfants : <b>\u00ab\u00a0<\/b><b>Ils sont tous supers<\/b><b>\u00ab\u00a0<\/b><\/p>\n<p>\u00c0 l&rsquo;occasion de cette actualit\u00e9, l&rsquo;interpr\u00e8te de Ma pr\u00e9f\u00e9rence \u00e9tait de passage dans La bande originale sur France Inter ce lundi 26 mai avec Nagui et Le\u00efla Kaddour. Ainsi, il a accept\u00e9 de faire des confidences sur <a href=\"https:\/\/www.programme-tv.net\/news\/musique\/277209-julien-clerc-qui-sont-les-cinq-enfants-du-chanteur\/\" data-api-deeplink=\"teleloisirs:\/\/news\/277209\" target=\"_blank\" rel=\"noopener\">ses cinq enfants et son r\u00f4le de p\u00e8re<\/a>, lui qui est habituellement tr\u00e8s pudique.<b> \u00ab\u00a0<\/b><b>Ils sont tous supers<\/b><b>\u00ab\u00a0<\/b>, confie-t-il avec une certaine timidit\u00e9 avant de continuer, \u00ab\u00a0Ils ont choisi chacun des chemins diff\u00e9rents, mais assez artistiques et m\u00eame tr\u00e8s artistiques\u00a0\u00bb. Proche d&rsquo;eux, il est t\u00e9moin de leur succ\u00e8s : \u00ab\u00a0Ils r\u00e9ussissent tous bien dans leurs domaines donc <b>je suis tr\u00e8s fier d&rsquo;eux<\/b>\u00ab\u00a0. Tr\u00e8s r\u00e9serv\u00e9, il avoue qu&rsquo;il pr\u00e9f\u00e8re s&rsquo;\u00e9pancher sur le sujet \u00ab\u00a0en chanson\u00a0\u00bb.<\/p>\n<p>                        Julien Clerc papa : qui sont les cinq enfants du chanteur ?<\/p>\n<p>Au cours de sa vie, Julien Clerc est tomb\u00e9 amoureux de plusieurs femmes et a accueilli cinq enfants. Jeanne est n\u00e9e en 1978 de <a href=\"https:\/\/www.programme-tv.net\/news\/people\/325112-elle-est-comme-moi-julien-clerc-evoque-sa-separation-avec-miou-miou-et-les-consequences-pour-sa-fille-jeanne-herry\/\" data-api-deeplink=\"teleloisirs:\/\/news\/325112\" target=\"_blank\" rel=\"noopener\">sa relation avec Miou-Miou<\/a>. Puis, Ang\u00e8le Herry-Leclerc est n\u00e9e en 1974 et est la fille de <a href=\"https:\/\/www.programme-tv.net\/biographie\/3488-dewaere-patrick\/\" data-link-people=\"58ca6e89-8eb0-4fc3-ab85-4402e101fffa\" target=\"_blank\" rel=\"noopener\">Patrick Dewaere<\/a> et Miou-Miou. Dix ans apr\u00e8s la mort de son p\u00e8re, <a href=\"https:\/\/www.programme-tv.net\/news\/people\/378843-quand-julien-clerc-adoptait-angele-la-fille-de-miou-miou-son-pere-patrick-deawaere-avait-decide-de-couper-une-bonne-fois-pour-toutes-le-lien\/\" data-api-deeplink=\"teleloisirs:\/\/news\/378843\" target=\"_blank\" rel=\"noopener\">Julien Clerc a entrepris les d\u00e9marches pour l&rsquo;adopter.<\/a> Mari\u00e9 \u00e0 <a href=\"https:\/\/www.programme-tv.net\/news\/people\/357934-virginie-couperie-eiffel-la-mere-de-deux-des-enfants-de-julien-clerc-devoile-un-secret-sur-leur-rencontre\/\" data-api-deeplink=\"teleloisirs:\/\/news\/357934\" target=\"_blank\" rel=\"noopener\">Virginie Coup\u00e9rie-Eiffel<\/a> pendant 17 ans, il a eu deux enfants avec son \u00e9pouse : <a href=\"https:\/\/www.programme-tv.net\/news\/tv\/326191-il-sest-tres-bien-occupe-de-nous-vanille-fait-de-tendres-confidences-sur-son-pere-julien-clerc-dans-un-diner-presque-parfait-video\/\" data-api-deeplink=\"teleloisirs:\/\/news\/326191\" target=\"_blank\" rel=\"noopener\">Vanille<\/a>, \u00e9galement chanteuse puisque son nouveau single vient tout juste de sortir, a vu le jour en 1988 et son petit fr\u00e8re, Barnab\u00e9 est arriv\u00e9 en 1995. Enfin, L\u00e9onard, fruit de son amour avec <a href=\"https:\/\/www.programme-tv.net\/news\/musique\/294791-julien-clerc-se-souvient-de-la-belle-surprise-de-sa-fille-jeanne-pour-son-mariage-avec-helene-gremillon\/\" data-api-deeplink=\"teleloisirs:\/\/news\/294791\" target=\"_blank\" rel=\"noopener\">H\u00e9l\u00e8ne Gr\u00e9millon<\/a>, est n\u00e9 en 2008.<\/p>\n","protected":false},"excerpt":{"rendered":"De passage dans La bande originale sur France Inter, Julien Clerc a pr\u00e9sent\u00e9 son nouvel album et en&hellip;\n","protected":false},"author":2,"featured_media":130226,"comment_status":"","ping_status":"","sticky":false,"template":"","format":"standard","meta":{"footnotes":""},"categories":[1355],"tags":[244,58,1719,59,1011,27,1735,1361,873,1630],"class_list":{"0":"post-130225","1":"post","2":"type-post","3":"status-publish","4":"format-standard","5":"has-post-thumbnail","7":"category-musique","8":"tag-commentaire","9":"tag-divertissement","10":"tag-enfants","11":"tag-entertainment","12":"tag-fr","13":"tag-france","14":"tag-julien-clerc","15":"tag-music","16":"tag-musique","17":"tag-zapping"},"share_on_mastodon":{"url":"https:\/\/pubeurope.com\/@fr\/114576269169241299","error":""},"_links":{"self":[{"href":"https:\/\/www.europesays.com\/fr\/wp-json\/wp\/v2\/posts\/130225","targetHints":{"allow":["GET"]}}],"collection":[{"href":"https:\/\/www.europesays.com\/fr\/wp-json\/wp\/v2\/posts"}],"about":[{"href":"https:\/\/www.europesays.com\/fr\/wp-json\/wp\/v2\/types\/post"}],"author":[{"embeddable":true,"href":"https:\/\/www.europesays.com\/fr\/wp-json\/wp\/v2\/users\/2"}],"replies":[{"embeddable":true,"href":"https:\/\/www.europesays.com\/fr\/wp-json\/wp\/v2\/comments?post=130225"}],"version-history":[{"count":0,"href":"https:\/\/www.europesays.com\/fr\/wp-json\/wp\/v2\/posts\/130225\/revisions"}],"wp:featuredmedia":[{"embeddable":true,"href":"https:\/\/www.europesays.com\/fr\/wp-json\/wp\/v2\/media\/130226"}],"wp:attachment":[{"href":"https:\/\/www.europesays.com\/fr\/wp-json\/wp\/v2\/media?parent=130225"}],"wp:term":[{"taxonomy":"category","embeddable":true,"href":"https:\/\/www.europesays.com\/fr\/wp-json\/wp\/v2\/categories?post=130225"},{"taxonomy":"post_tag","embeddable":true,"href":"https:\/\/www.europesays.com\/fr\/wp-json\/wp\/v2\/tags?post=130225"}],"curies":[{"name":"wp","href":"https:\/\/api.w.org\/{rel}","templated":true}]}}