{"id":130229,"date":"2025-05-26T21:32:10","date_gmt":"2025-05-26T21:32:10","guid":{"rendered":"https:\/\/www.europesays.com\/fr\/130229\/"},"modified":"2025-05-26T21:32:10","modified_gmt":"2025-05-26T21:32:10","slug":"un-lien-inquietant-etabli-par-loms","status":"publish","type":"post","link":"https:\/\/www.europesays.com\/fr\/130229\/","title":{"rendered":"un lien inqui\u00e9tant \u00e9tabli par l\u2019OMS\u00a0?"},"content":{"rendered":"<p>Chez les femmes, compar\u00e9 \u00e0 une consommation faible (0,1 \u00e0 5\u00a0g\/jour), boire 15 \u00e0 30\u00a0g\/jour <a href=\"https:\/\/www.laprovence.com\/article\/region\/80415508948801\/video-aix-en-provence-ouverture-de-la-cave-parallele-caviste-specialise-dans-le-sans-alcool\" target=\"_blank\" rel=\"noopener\">d\u2019alcool <\/a>est associ\u00e9 \u00e0 un risque accru de 12%. Chez les hommes, consommer 30 \u00e0 60\u00a0g\/jour et plus de 60\u00a0g\/jour est associ\u00e9 \u00e0 des risques accrus de 15% et de 36% respectivement.<\/p>\n<p>Cette \u00e9tude, publi\u00e9e dans la revue scientifique am\u00e9ricaine \u00ab\u00a0Plos Medicine\u00a0\u00bb le 20\u00a0mai, fournit \u00ab\u00a0de nouvelles preuves que le cancer du pancr\u00e9as pourrait \u00eatre un autre type de cancer associ\u00e9 \u00e0 la consommation d\u2019alcool, un lien sous-estim\u00e9 jusqu\u2019\u00e0 pr\u00e9sent\u00a0\u00bb, a comment\u00e9 le Dr Pietro Ferrari, chef de la branche Nutrition et m\u00e9tabolisme du Circ et auteur principal de l\u2019\u00e9tude, cit\u00e9 dans un communiqu\u00e9.<\/p>\n<p>Un lien \u00e9tabli pour sept cancers<\/p>\n<p>Un lien direct entre consommation d\u2019alcool et cancer a \u00e9t\u00e9 \u00e9tabli pour sept <a href=\"https:\/\/www.laprovence.com\/article\/sante\/66765015134321\/sante-a-marseille-un-projet-prometteur-pour-detecter-plus-tot-le-cancer-du-pancreas\" target=\"_blank\" rel=\"noopener\">cancers <\/a>(c\u00f4lon-rectum, \u0153sophage, foie, cavit\u00e9 buccale, pharynx, larynx, sein). Mais les preuves la liant sp\u00e9cifiquement au cancer du pancr\u00e9as \u00e9taient jusqu\u2019\u00e0 pr\u00e9sent jug\u00e9es limit\u00e9es ou non concluantes.<\/p>\n<p>Des \u00e9tudes ant\u00e9rieures avaient sugg\u00e9r\u00e9 un r\u00f4le de l\u2019alcool dans le d\u00e9veloppement du cancer du pancr\u00e9as \u00e0 des niveaux de consommation d\u00e9passant 30 grammes d\u2019\u00e9thanol par jour (deux boissons alcoolis\u00e9es standard). Mais ce lien chez les non-fumeurs ou les femmes n\u2019avait pas \u00e9t\u00e9 assez \u00e9tudi\u00e9.<\/p>\n<p>Pour cette nouvelle \u00e9tude, les scientifiques ont regroup\u00e9 et harmonis\u00e9 les donn\u00e9es de 30 cohortes de population sur quatre continents (Asie, Australie, Europe, Am\u00e9rique du Nord), soit quelque 2,5\u00a0millions de personnes, \u00e0 l\u2019\u00e2ge m\u00e9dian de 57\u00a0ans entre\u00a01980 et\u00a02013, dont 10.067 ont d\u00e9velopp\u00e9 un cancer du pancr\u00e9as.<\/p>\n<p>Leur <a href=\"https:\/\/www.laprovence.com\/article\/region\/3076437450143615\/parlons-sante-la-provence-se-mobilise-contre-le-cancer-assistez-a-notre-forum\" target=\"_blank\" rel=\"noopener\">consommation d\u2019alcool <\/a>a \u00e9t\u00e9 \u00e9valu\u00e9e \u00e0 un seul moment, entre le milieu et la fin de l\u2019\u00e2ge adulte.<\/p>\n<p>Le cancer du pancr\u00e9as, douzi\u00e8me le plus fr\u00e9quent dans le monde, est responsable d\u2019environ 5% des d\u00e9c\u00e8s par cancer en raison notamment de son diagnostic tardif, a not\u00e9 le centre de recherche.<\/p>\n<p>Les causes du cancer du pancr\u00e9as restant mal comprises, malgr\u00e9 certains facteurs de risque \u00e9tablis -tabagisme, exc\u00e8s de graisse corporelle, pancr\u00e9atite chronique, diab\u00e8te-, cette \u00e9tude apporte des informations importantes sur le r\u00f4le de l\u2019alcool, a jug\u00e9 le Dr Ferrari.<\/p>\n","protected":false},"excerpt":{"rendered":"Chez les femmes, compar\u00e9 \u00e0 une consommation faible (0,1 \u00e0 5\u00a0g\/jour), boire 15 \u00e0 30\u00a0g\/jour d\u2019alcool est associ\u00e9&hellip;\n","protected":false},"author":2,"featured_media":130230,"comment_status":"","ping_status":"","sticky":false,"template":"","format":"standard","meta":{"footnotes":""},"categories":[10],"tags":[17,25458,5702,101,1011,27,72,25459,4415,6803,4510,71],"class_list":{"0":"post-130229","1":"post","2":"type-post","3":"status-publish","4":"format-standard","5":"has-post-thumbnail","7":"category-sante","8":"tag-17","9":"tag-accru","10":"tag-alcool","11":"tag-cancer","12":"tag-fr","13":"tag-france","14":"tag-health","15":"tag-inquietant","16":"tag-lien","17":"tag-pancreas","18":"tag-risque","19":"tag-sante"},"share_on_mastodon":{"url":"https:\/\/pubeurope.com\/@fr\/114576277143937492","error":""},"_links":{"self":[{"href":"https:\/\/www.europesays.com\/fr\/wp-json\/wp\/v2\/posts\/130229","targetHints":{"allow":["GET"]}}],"collection":[{"href":"https:\/\/www.europesays.com\/fr\/wp-json\/wp\/v2\/posts"}],"about":[{"href":"https:\/\/www.europesays.com\/fr\/wp-json\/wp\/v2\/types\/post"}],"author":[{"embeddable":true,"href":"https:\/\/www.europesays.com\/fr\/wp-json\/wp\/v2\/users\/2"}],"replies":[{"embeddable":true,"href":"https:\/\/www.europesays.com\/fr\/wp-json\/wp\/v2\/comments?post=130229"}],"version-history":[{"count":0,"href":"https:\/\/www.europesays.com\/fr\/wp-json\/wp\/v2\/posts\/130229\/revisions"}],"wp:featuredmedia":[{"embeddable":true,"href":"https:\/\/www.europesays.com\/fr\/wp-json\/wp\/v2\/media\/130230"}],"wp:attachment":[{"href":"https:\/\/www.europesays.com\/fr\/wp-json\/wp\/v2\/media?parent=130229"}],"wp:term":[{"taxonomy":"category","embeddable":true,"href":"https:\/\/www.europesays.com\/fr\/wp-json\/wp\/v2\/categories?post=130229"},{"taxonomy":"post_tag","embeddable":true,"href":"https:\/\/www.europesays.com\/fr\/wp-json\/wp\/v2\/tags?post=130229"}],"curies":[{"name":"wp","href":"https:\/\/api.w.org\/{rel}","templated":true}]}}