{"id":13023,"date":"2025-04-09T16:09:16","date_gmt":"2025-04-09T16:09:16","guid":{"rendered":"https:\/\/www.europesays.com\/fr\/13023\/"},"modified":"2025-04-09T16:09:16","modified_gmt":"2025-04-09T16:09:16","slug":"limpact-des-data-centers-a-marseille-hub-internet-mondial-qui-se-transforme","status":"publish","type":"post","link":"https:\/\/www.europesays.com\/fr\/13023\/","title":{"rendered":"L&rsquo;impact des data centers \u00e0 Marseille, hub internet mondial qui se transforme"},"content":{"rendered":"<p>\n                                                Marseille, deuxi\u00e8me plus grande ville de France&#8230; et plus \u00e9tonnement, sixi\u00e8me hub internet mondial, soit l\u2019un des principaux carrefours du trafic internet. La cit\u00e9 phoc\u00e9enne vient m\u00eame de d\u00e9passer Hong Kong. Cons\u00e9quence :\u00a0les centres de stockage de donn\u00e9es num\u00e9riques (data centers, ou centres de donn\u00e9es) se multiplient. L&rsquo;entreprise am\u00e9ricaine Digital Reality a pour projet de s&rsquo;\u00e9tendre encore en plein c\u0153ur de la ville en y construisant son cinqui\u00e8me centre de donn\u00e9es. Mais elle fait face \u00e0 l&rsquo;inqui\u00e9tude des riverains qui craignent des r\u00e9percussions pour leur environnement.                    <\/p>\n<p>Ils sont une trentaine \u00e0 se r\u00e9unir devant le futur cinqui\u00e8me data center marseillais. Jean-Pierre Lapebie, pr\u00e9sident de l&rsquo;association de riverains Cap au nord, confie : \u00ab\u00a0Ces data centers, en eux-m\u00eames, consomment \u00e9norm\u00e9ment d&rsquo;\u00e9nergie \u00e9lectrique. Donc \u00e7a pose un probl\u00e8me. D&rsquo;autant plus que ces quartiers manquent d&rsquo;espaces verts. Il y a une population qui est en souffrance avec une pr\u00e9carit\u00e9 \u00e9norme. Et cette population, on la met en dehors de toute discussion ou initiative sur leurs projets collectifs de vie.\u00a0\u00bb<\/p>\n<p>Install\u00e9 depuis dix ans \u00e0 <strong><a target=\"_self\" href=\"https:\/\/www.rfi.fr\/fr\/podcasts\/reportage-france\/20230220-les-data-centers-du-port-de-marseille-dans-le-viseur-de-la-municipalit\u00e9\" rel=\"noopener\">Marseille<\/a><\/strong>, Digital Realty, l&rsquo;entreprise \u00e0 l&rsquo;initiative des data centers marseillais, a accept\u00e9 de nous recevoir pour d\u00e9couvrir ces centres de l&rsquo;int\u00e9rieur et comprendre leur impact environnemental.\u00a0\u00ab\u00a0Voil\u00e0 un exemple de salle. Vous voyez un certain nombre d&rsquo;\u00e9quipements\u00a0\u00bb, commente Fabrice Coquio, PDG de Digital Reality, en d\u00e9ambulant dans une salle au milieu de tours \u00e9lectroniques connect\u00e9es o\u00f9 transitent des datas.<\/p>\n<p>\u00ab\u00a0Nous colocalisons les investissements informatiques de nos clients pour pouvoir faire en sorte que, demain ou ce soir, vous passez une commande en ligne, vous consultez votre compte bancaire, vous renouvelez votre permis en ligne ou tout simplement, vous envoyez un email \u00e0 votre grand-m\u00e8re.\u00a0\u00bb Ces centres de data stockent donc les donn\u00e9es d&rsquo;entreprises. Autre fonction :\u00a0les mettre en relation. Et \u00e7a se passe dans une salle bien moins bruyante. \u00ab\u00a0Et l\u00e0, vous voyez, sur ces tiroirs \u00e0 haute densit\u00e9, on va connecter 24 fois monsieur A avec monsieur B, monsieur C avec monsieur D et ainsi de suite\u00a0\u00bb, poursuit le PDG en montrant les outils informatiques.<\/p>\n<p>\u00ab C&rsquo;est l\u00e9gitime d&rsquo;avoir des interrogations\u00a0\u00bb<\/p>\n<p>Des infrastructures qui prennent de la place et n\u00e9cessitent aussi d&rsquo;\u00eatre refroidies. Sur le toit du b\u00e2timent, d&rsquo;\u00e9normes tuyaux et de grosses cuves font le travail\u00a0: \u00ab\u00a0On est sur la terrasse technique du data center. Vous avez tous ces syst\u00e8mes de groupes froids. C&rsquo;est un peu comme le moteur que vous avez derri\u00e8re votre r\u00e9frig\u00e9rateur \u00e0 la maison. Sauf qu&rsquo;ils sont un peu plus gros.\u00a0\u00bb<\/p>\n<p>Aux inqui\u00e9tudes des habitants, Fabrique Coquio r\u00e9pond\u00a0: \u00ab\u00a0C&rsquo;est l\u00e9gitime d&rsquo;avoir des interrogations, parce qu&rsquo;\u00e0 partir du moment o\u00f9 vous avez des machines informatiques, \u00e7a consomme de l&rsquo;\u00e9nergie.\u00a0\u00bb Mais il insiste, le projet de nouveau centre de stockage est conforme, notamment au code de l&rsquo;environnement : \u00ab\u00a0Il faut savoir qu&rsquo;en France, on ne peut pas faire n&rsquo;importe quoi, heureusement. De toute fa\u00e7on, vous ne pouvez pas construire un data center si vous n&rsquo;avez pas d&rsquo;autorisation. Et apr\u00e8s, vous avez des audits, pour v\u00e9rifier la conformit\u00e9 de votre service. Ce qui est compl\u00e8tement normal.\u00a0\u00bb<\/p>\n<p>Pour l&rsquo;instant, rien n&rsquo;entrave la tenue du projet. Ce cinqui\u00e8me site devrait voir le jour d&rsquo;ici \u00e0 2026.<\/p>\n<p class=\"a-read-more\">\u00c0 lire aussi<a target=\"_self\" href=\"https:\/\/www.rfi.fr\/fr\/podcasts\/les-ports-du-monde\/20220814-marseille-le-port-des-data-centers\" class=\"a-read-more__link\" rel=\"noopener\">Marseille, le port des data centers<\/a><\/p>\n","protected":false},"excerpt":{"rendered":"Marseille, deuxi\u00e8me plus grande ville de France&#8230; et plus \u00e9tonnement, sixi\u00e8me hub internet mondial, soit l\u2019un des principaux&hellip;\n","protected":false},"author":2,"featured_media":13024,"comment_status":"","ping_status":"","sticky":false,"template":"","format":"standard","meta":{"footnotes":""},"categories":[2814],"tags":[1111,11,1777,674,1011,27,311,884,12,882,5920,25,42],"class_list":{"0":"post-13023","1":"post","2":"type-post","3":"status-publish","4":"format-standard","5":"has-post-thumbnail","7":"category-marseille","8":"tag-actu","9":"tag-actualites","10":"tag-eu","11":"tag-europe","12":"tag-fr","13":"tag-france","14":"tag-informatique","15":"tag-marseille","16":"tag-news","17":"tag-provence-alpes-cote-dazur","18":"tag-reportage-france","19":"tag-republique-francaise","20":"tag-technologies"},"share_on_mastodon":{"url":"https:\/\/pubeurope.com\/@fr\/114308878472214709","error":""},"_links":{"self":[{"href":"https:\/\/www.europesays.com\/fr\/wp-json\/wp\/v2\/posts\/13023","targetHints":{"allow":["GET"]}}],"collection":[{"href":"https:\/\/www.europesays.com\/fr\/wp-json\/wp\/v2\/posts"}],"about":[{"href":"https:\/\/www.europesays.com\/fr\/wp-json\/wp\/v2\/types\/post"}],"author":[{"embeddable":true,"href":"https:\/\/www.europesays.com\/fr\/wp-json\/wp\/v2\/users\/2"}],"replies":[{"embeddable":true,"href":"https:\/\/www.europesays.com\/fr\/wp-json\/wp\/v2\/comments?post=13023"}],"version-history":[{"count":0,"href":"https:\/\/www.europesays.com\/fr\/wp-json\/wp\/v2\/posts\/13023\/revisions"}],"wp:featuredmedia":[{"embeddable":true,"href":"https:\/\/www.europesays.com\/fr\/wp-json\/wp\/v2\/media\/13024"}],"wp:attachment":[{"href":"https:\/\/www.europesays.com\/fr\/wp-json\/wp\/v2\/media?parent=13023"}],"wp:term":[{"taxonomy":"category","embeddable":true,"href":"https:\/\/www.europesays.com\/fr\/wp-json\/wp\/v2\/categories?post=13023"},{"taxonomy":"post_tag","embeddable":true,"href":"https:\/\/www.europesays.com\/fr\/wp-json\/wp\/v2\/tags?post=13023"}],"curies":[{"name":"wp","href":"https:\/\/api.w.org\/{rel}","templated":true}]}}