{"id":130233,"date":"2025-05-26T21:34:09","date_gmt":"2025-05-26T21:34:09","guid":{"rendered":"https:\/\/www.europesays.com\/fr\/130233\/"},"modified":"2025-05-26T21:34:09","modified_gmt":"2025-05-26T21:34:09","slug":"baiser-fougueux-eclats-de-rire-laeticia-hallyday-saffiche-avec-son-nouveau-compagnon-a-roland-garros","status":"publish","type":"post","link":"https:\/\/www.europesays.com\/fr\/130233\/","title":{"rendered":"Baiser fougueux, \u00e9clats de rire&#8230; Laeticia Hallyday s\u2019affiche avec son nouveau compagnon \u00e0 Roland-Garros"},"content":{"rendered":"<p><strong>EN IMAGES &#8211;<\/strong> La veuve de Johnny Hallyday a \u00e9tal\u00e9 son bonheur dans les tribunes avec l\u2019homme qui partage sa vie depuis plusieurs mois, le restaurateur Fr\u00e9d\u00e9ric Suant.<\/p>\n<p class=\"fig-paragraph\">Pas une officialisation, mais une confirmation \u00e0 pleine bouche.\u00a0<a href=\"http:\/\/tvmag.lefigaro.fr\/programme-tv\/people\/on-est-loin-de-marnes-le-coquette-la-bourde-d-anne-elisabeth-lemoine-sur-johnny-et-laeticia-hallyday-dans-c-a-vous-20240418\" target=\"_blank\" data-fig-type=\"Article\" rel=\"noopener\" data-gtm-custom-categorie=\"navigation\" data-gtm-custom-action=\"crossclick\" data-gtm-custom-label=\"Contextuel\" data-gtm-event=\"customEventSPE\" data-fig-domain=\"TVMAG\">Laeticia Hallyday<\/a>\u00a0s\u2019est affich\u00e9e dans les gradins de\u00a0<a href=\"https:\/\/photo.lefigaro.fr\/programme-tv\/people\/laeticia-hallyday-s-affiche-avec-son-nouveau-compagnon-a-roland-garros-20250526\" target=\"_blank\" data-fig-type=\"SlideShowResource\" rel=\"noopener\" data-gtm-custom-categorie=\"navigation\" data-gtm-custom-action=\"crossclick\" data-gtm-custom-label=\"Contextuel\" data-gtm-event=\"customEventSPE\" data-fig-domain=\"TVMAG\">Roland-Garros\u00a0<\/a>avec Fr\u00e9d\u00e9ric Suant. Entre la veuve du tr\u00e9sor national Johnny Hallyday et le restaurateur de 45 ans, l\u2019amour dure depuis quelques mois.<\/p>\n<p class=\"fig-paragraph\">Ils se sont rencontr\u00e9s en septembre dernier, \u00e0 l\u2019occasion d\u2019un d\u00eener organis\u00e9 par des amis communs. Fr\u00e9d\u00e9ric Suant \u00e9tait pr\u00e9sent lors des 50 ans de la m\u00e8re de Jade et Joy, le 18 mars \u00e0 Saint-Barth\u00e9lemy. Tout comme avec son ancien compagnon Jalil Lespert, le couple est all\u00e9 ensemble en p\u00e8lerinage sur la tombe du taulier.<\/p>\n<p class=\"fig-body-link\">\n            \u00c0 lire aussi<br \/>\n        <a class=\"fig-body-link__link\" href=\"http:\/\/tvmag.lefigaro.fr\/programme-tv\/people\/camille-cerf-anne-sophie-lapix-nolwenn-leroy-les-stars-en-couple-a-roland-garros-pour-rafael-nadal-20250526\" target=\"_blank\" data-fig-type=\"Article\" rel=\"noopener\" data-gtm-custom-categorie=\"navigation\" data-gtm-custom-action=\"crossclick\" data-gtm-custom-label=\"Contextuel\" data-gtm-event=\"customEventSPE\" data-fig-domain=\"TVMAG\">Camille Cerf, Anne-Sophie Lapix, Nolwenn Leroy&#8230; Les stars en couple \u00e0 Roland-Garros pour Rafael Nadal<br \/>\n    <\/a>\n<\/p>\n<p class=\"fig-paragraph\">Ce lundi 26 juin, les amoureux ont offert aux photographes des clich\u00e9s pleins de complicit\u00e9. Chemise blanche pour lui, perfecto en cuir sur une tenue tout en jean clair pour elle. Derri\u00e8re leurs lunettes Ray-Ban assorties, ils s\u2019\u00e9changent de larges sourires quand ils n\u2019\u00e9clatent pas de rire ou ne s\u2019embrassent fougueusement.<\/p>\n<p>Une ann\u00e9e difficile<\/p>\n<p class=\"fig-paragraph\">Un moment de l\u00e9g\u00e8ret\u00e9 dans les tribunes apr\u00e8s un d\u00e9but d\u2019ann\u00e9e difficile pour Laeticia Hallyday qui a perdu sa maison, situ\u00e9e dans le quartier Pacific Palisades, pendant les incendies qui ont d\u00e9vor\u00e9 Los Angeles au mois de janvier.<strong>\u00a0<\/strong><\/p>\n<p class=\"fig-paragraph\">\u00ab On a tout perdu&#8230; Il ne reste plus rien. J\u2019ai vu notre maison partir en cendres, impuissante face aux flammes qui ont tout emport\u00e9. Cette vid\u00e9o hante mon c\u0153ur. Ce n\u2019\u00e9tait pas qu\u2019une maison\u2026C\u2019\u00e9tait notre refuge, notre renaissance apr\u00e8s le chaos du deuil. C\u2019est entre ces murs que nous avons pans\u00e9 nos blessures, que nous avons appris \u00e0 vivre avec l\u2019absence, \u00e0 reconstruire des jours \u00e9clair\u00e9s par l\u2019amour malgr\u00e9 l\u2019ombre de la perte\u00a0\u00bb, avait-elle t\u00e9moign\u00e9\u00a0<a href=\"http:\/\/www.lefigaro.fr\/culture\/laeticia-hallyday-au-coeur-des-incendies-a-los-angeles-on-a-tout-perdu-j-ai-vu-notre-maison-partir-en-cendres-20250109\" target=\"_blank\" data-fig-type=\"Article\" rel=\"noopener\" data-gtm-custom-categorie=\"navigation\" data-gtm-custom-action=\"crossclick\" data-gtm-custom-label=\"Contextuel\" data-gtm-event=\"customEventSPE\" data-fig-domain=\"LEFIGARO\">sur ses r\u00e9seaux sociaux<\/a>.<\/p>\n<p>    <a href=\"https:\/\/photo.lefigaro.fr\/programme-tv\/people\/laeticia-hallyday-s-affiche-avec-son-nouveau-compagnon-a-roland-garros-20250526\" target=\"_blank\" rel=\"noopener\"><\/p>\n<p class=\"fig-slideshow__title\">\n                    Laeticia Hallyday s\u2019affiche avec son nouveau compagnon \u00e0 Roland-Garros\n                <\/p>\n<p>Acc\u00e9der au diaporama (5)<\/p>\n<p>    <\/a><\/p>\n","protected":false},"excerpt":{"rendered":"EN IMAGES &#8211; La veuve de Johnny Hallyday a \u00e9tal\u00e9 son bonheur dans les tribunes avec l\u2019homme qui&hellip;\n","protected":false},"author":2,"featured_media":130234,"comment_status":"","ping_status":"","sticky":false,"template":"","format":"standard","meta":{"footnotes":""},"categories":[8],"tags":[976,1000,58,59,1011,27,1714,1718,7648,1713,973,1717,1715,1716],"class_list":{"0":"post-130233","1":"post","2":"type-post","3":"status-publish","4":"format-standard","5":"has-post-thumbnail","7":"category-divertissement","8":"tag-actu-people","9":"tag-celebrites","10":"tag-divertissement","11":"tag-entertainment","12":"tag-fr","13":"tag-france","14":"tag-info-people","15":"tag-infos-people-du-jour","16":"tag-laeticia-hallyday","17":"tag-news-people","18":"tag-people","19":"tag-photo-people","20":"tag-potins-de-stars","21":"tag-potins-people"},"share_on_mastodon":{"url":"https:\/\/pubeurope.com\/@fr\/114576285227847358","error":""},"_links":{"self":[{"href":"https:\/\/www.europesays.com\/fr\/wp-json\/wp\/v2\/posts\/130233","targetHints":{"allow":["GET"]}}],"collection":[{"href":"https:\/\/www.europesays.com\/fr\/wp-json\/wp\/v2\/posts"}],"about":[{"href":"https:\/\/www.europesays.com\/fr\/wp-json\/wp\/v2\/types\/post"}],"author":[{"embeddable":true,"href":"https:\/\/www.europesays.com\/fr\/wp-json\/wp\/v2\/users\/2"}],"replies":[{"embeddable":true,"href":"https:\/\/www.europesays.com\/fr\/wp-json\/wp\/v2\/comments?post=130233"}],"version-history":[{"count":0,"href":"https:\/\/www.europesays.com\/fr\/wp-json\/wp\/v2\/posts\/130233\/revisions"}],"wp:featuredmedia":[{"embeddable":true,"href":"https:\/\/www.europesays.com\/fr\/wp-json\/wp\/v2\/media\/130234"}],"wp:attachment":[{"href":"https:\/\/www.europesays.com\/fr\/wp-json\/wp\/v2\/media?parent=130233"}],"wp:term":[{"taxonomy":"category","embeddable":true,"href":"https:\/\/www.europesays.com\/fr\/wp-json\/wp\/v2\/categories?post=130233"},{"taxonomy":"post_tag","embeddable":true,"href":"https:\/\/www.europesays.com\/fr\/wp-json\/wp\/v2\/tags?post=130233"}],"curies":[{"name":"wp","href":"https:\/\/api.w.org\/{rel}","templated":true}]}}