{"id":130244,"date":"2025-05-26T21:40:22","date_gmt":"2025-05-26T21:40:22","guid":{"rendered":"https:\/\/www.europesays.com\/fr\/130244\/"},"modified":"2025-05-26T21:40:22","modified_gmt":"2025-05-26T21:40:22","slug":"les-stars-et-etoiles-de-demain-sont-montees-sur-scene","status":"publish","type":"post","link":"https:\/\/www.europesays.com\/fr\/130244\/","title":{"rendered":"les stars et \u00e9toiles de demain\u00a0sont mont\u00e9es sur sc\u00e8ne"},"content":{"rendered":"<p>                    Baptiste, 8 ans, trompettiste<\/p>\n<p>\u00ab\u00a0Je suis \u00e0 l\u2019\u00c9cole de musique depuis un peu moins d\u2019un an. Je d\u00e9bute, mais \u00e7a me pla\u00eet. J\u2019ai choisi la trompette parce que j\u2019adore le son. Je joue tous les soirs, environ une demi-heure chez moi pour m\u2019entra\u00eener. Et je me d\u00e9brouille plut\u00f4t bien. Sur sc\u00e8ne on a jou\u00e9 Alors on danse de Stromae.\u00a0\u00bb<\/p>\n<p>Baptiste, 13 ans, DJ<\/p>\n<p>\u00ab\u00a0Je fais cette activit\u00e9 musicale depuis trois ans, mais ici \u00e0 l\u2019\u00e9cole depuis deux ans. Les premi\u00e8res semaines, c\u2019est un peu gal\u00e8re, il faut se familiariser avec la table de mixage, tous les boutons. Mais j\u2019adore, c\u2019est tr\u00e8s&#8230;<\/p>\n","protected":false},"excerpt":{"rendered":"Baptiste, 8 ans, trompettiste \u00ab\u00a0Je suis \u00e0 l\u2019\u00c9cole de musique depuis un peu moins d\u2019un an. Je d\u00e9bute,&hellip;\n","protected":false},"author":2,"featured_media":130245,"comment_status":"","ping_status":"","sticky":false,"template":"","format":"standard","meta":{"footnotes":""},"categories":[9653],"tags":[1111,11,2430,1687,7539,1777,674,1011,27,12296,873,12,25,4001,9664],"class_list":{"0":"post-130244","1":"post","2":"type-post","3":"status-publish","4":"format-standard","5":"has-post-thumbnail","7":"category-saint-etienne","8":"tag-actu","9":"tag-actualites","10":"tag-auvergne-rhone-alpes","11":"tag-culture-loisirs","12":"tag-edition-loire-sud","13":"tag-eu","14":"tag-europe","15":"tag-fr","16":"tag-france","17":"tag-la-fouillouse","18":"tag-musique","19":"tag-news","20":"tag-republique-francaise","21":"tag-saint-etienne","22":"tag-saint-etienne-bassin"},"share_on_mastodon":{"url":"https:\/\/pubeurope.com\/@fr\/114576309084650078","error":""},"_links":{"self":[{"href":"https:\/\/www.europesays.com\/fr\/wp-json\/wp\/v2\/posts\/130244","targetHints":{"allow":["GET"]}}],"collection":[{"href":"https:\/\/www.europesays.com\/fr\/wp-json\/wp\/v2\/posts"}],"about":[{"href":"https:\/\/www.europesays.com\/fr\/wp-json\/wp\/v2\/types\/post"}],"author":[{"embeddable":true,"href":"https:\/\/www.europesays.com\/fr\/wp-json\/wp\/v2\/users\/2"}],"replies":[{"embeddable":true,"href":"https:\/\/www.europesays.com\/fr\/wp-json\/wp\/v2\/comments?post=130244"}],"version-history":[{"count":0,"href":"https:\/\/www.europesays.com\/fr\/wp-json\/wp\/v2\/posts\/130244\/revisions"}],"wp:featuredmedia":[{"embeddable":true,"href":"https:\/\/www.europesays.com\/fr\/wp-json\/wp\/v2\/media\/130245"}],"wp:attachment":[{"href":"https:\/\/www.europesays.com\/fr\/wp-json\/wp\/v2\/media?parent=130244"}],"wp:term":[{"taxonomy":"category","embeddable":true,"href":"https:\/\/www.europesays.com\/fr\/wp-json\/wp\/v2\/categories?post=130244"},{"taxonomy":"post_tag","embeddable":true,"href":"https:\/\/www.europesays.com\/fr\/wp-json\/wp\/v2\/tags?post=130244"}],"curies":[{"name":"wp","href":"https:\/\/api.w.org\/{rel}","templated":true}]}}