{"id":130246,"date":"2025-05-26T21:41:15","date_gmt":"2025-05-26T21:41:15","guid":{"rendered":"https:\/\/www.europesays.com\/fr\/130246\/"},"modified":"2025-05-26T21:41:15","modified_gmt":"2025-05-26T21:41:15","slug":"saint-etienne-hilight-tribe-fete-ses-30-ans-de-carriere-ce-samedi-au-fil","status":"publish","type":"post","link":"https:\/\/www.europesays.com\/fr\/130246\/","title":{"rendered":"Saint-\u00c9tienne. Hilight Tribe f\u00eate ses 30 ans de carri\u00e8re, ce samedi au Fil"},"content":{"rendered":"<p>Instruments ethniques, batterie surboost\u00e9e, basse et guitares avant-gardistes, chants devenus anthologiques\u2026 Connu pour son style unique m\u00ealant musique \u00e9lectronique et instruments acoustiques traditionnels, le groupe Hilight Tribe poursuit sa l\u00e9gende entre beats surpuissants, riffs ravageurs et flow engag\u00e9. \u00c9galement \u00e0 d\u00e9couvrir, samedi soir sur la sc\u00e8ne du Fil, Dubanko &amp; Woody Vides et Bandikoot in Dub.<\/p>\n<p class=\"note\">Infos\u00a0: samedi 31\u00a0mai \u00e0 20\u00a0h\u00a030. Le Fil. Tarifs\u00a0: 26\u00a0\u20ac, r\u00e9duit\u00a0: 23,50\u00a0\u20ac, Filgood\u00a0: 21\u00a0\u20ac. Renseignements\u00a0: www.le-fil.com<\/p>\n","protected":false},"excerpt":{"rendered":"Instruments ethniques, batterie surboost\u00e9e, basse et guitares avant-gardistes, chants devenus anthologiques\u2026 Connu pour son style unique m\u00ealant musique&hellip;\n","protected":false},"author":2,"featured_media":130247,"comment_status":"","ping_status":"","sticky":false,"template":"","format":"standard","meta":{"footnotes":""},"categories":[9653],"tags":[1111,11,2430,1687,7539,1777,674,1011,27,12,25,4001,7538,3140],"class_list":{"0":"post-130246","1":"post","2":"type-post","3":"status-publish","4":"format-standard","5":"has-post-thumbnail","7":"category-saint-etienne","8":"tag-actu","9":"tag-actualites","10":"tag-auvergne-rhone-alpes","11":"tag-culture-loisirs","12":"tag-edition-loire-sud","13":"tag-eu","14":"tag-europe","15":"tag-fr","16":"tag-france","17":"tag-news","18":"tag-republique-francaise","19":"tag-saint-etienne","20":"tag-saint-etienne-ville","21":"tag-spectacle"},"share_on_mastodon":{"url":"https:\/\/pubeurope.com\/@fr\/114576312431044104","error":""},"_links":{"self":[{"href":"https:\/\/www.europesays.com\/fr\/wp-json\/wp\/v2\/posts\/130246","targetHints":{"allow":["GET"]}}],"collection":[{"href":"https:\/\/www.europesays.com\/fr\/wp-json\/wp\/v2\/posts"}],"about":[{"href":"https:\/\/www.europesays.com\/fr\/wp-json\/wp\/v2\/types\/post"}],"author":[{"embeddable":true,"href":"https:\/\/www.europesays.com\/fr\/wp-json\/wp\/v2\/users\/2"}],"replies":[{"embeddable":true,"href":"https:\/\/www.europesays.com\/fr\/wp-json\/wp\/v2\/comments?post=130246"}],"version-history":[{"count":0,"href":"https:\/\/www.europesays.com\/fr\/wp-json\/wp\/v2\/posts\/130246\/revisions"}],"wp:featuredmedia":[{"embeddable":true,"href":"https:\/\/www.europesays.com\/fr\/wp-json\/wp\/v2\/media\/130247"}],"wp:attachment":[{"href":"https:\/\/www.europesays.com\/fr\/wp-json\/wp\/v2\/media?parent=130246"}],"wp:term":[{"taxonomy":"category","embeddable":true,"href":"https:\/\/www.europesays.com\/fr\/wp-json\/wp\/v2\/categories?post=130246"},{"taxonomy":"post_tag","embeddable":true,"href":"https:\/\/www.europesays.com\/fr\/wp-json\/wp\/v2\/tags?post=130246"}],"curies":[{"name":"wp","href":"https:\/\/api.w.org\/{rel}","templated":true}]}}