{"id":13025,"date":"2025-04-09T16:10:11","date_gmt":"2025-04-09T16:10:11","guid":{"rendered":"https:\/\/www.europesays.com\/fr\/13025\/"},"modified":"2025-04-09T16:10:11","modified_gmt":"2025-04-09T16:10:11","slug":"lyon-la-metropole-desavouee-en-justice-sur-un-projet-conteste-un-maire-sort-victorieux","status":"publish","type":"post","link":"https:\/\/www.europesays.com\/fr\/13025\/","title":{"rendered":"Lyon. La M\u00e9tropole d\u00e9savou\u00e9e en justice sur un projet contest\u00e9, un maire sort victorieux"},"content":{"rendered":"<p>            Par<br \/>\n        <strong><br \/>\n            <a href=\"https:\/\/actu.fr\/auteur\/anthony-soudani\" title=\"Consulter tous les articles de Anthony Soudani\" target=\"_blank\" rel=\"noopener\">Anthony Soudani<\/a><br \/>\n        <\/strong><\/p>\n<p>        Publi\u00e9 le<\/p>\n<p>            8 avr. 2025 \u00e0 18h53        <\/p>\n<p>L\u2019installation d\u2019un <a href=\"https:\/\/actu.fr\/auvergne-rhone-alpes\/ecully_69081\/centre-pour-migrants-pres-de-lyon-la-justice-donne-raison-a-la-commune-qui-n-en-veut-pas_62148987.html\" target=\"_blank\" rel=\"noopener\">centre de migrants mineurs non accompagn\u00e9s<\/a> continue de <strong>faire pol\u00e9mique \u00e0 \u00c9cully<\/strong>.<\/p>\n<p class=\" wall-content\">Le maire Les R\u00e9publicains de la commune, <a href=\"https:\/\/actu.fr\/auvergne-rhone-alpes\/ecully_69081\/lyon-je-veux-un-metro-e-sebastien-michel-maire-d-ecully-affiche-ses-ambitions_61831202.html\" target=\"_blank\" rel=\"noopener\">S\u00e9bastien Michel<\/a>, est farouchement oppos\u00e9 au pr\u00e9sident de la M\u00e9tropole, l\u2019\u00e9cologiste <a href=\"https:\/\/actu.fr\/auvergne-rhone-alpes\/lyon_69123\/exclusif-bruno-bernard-nous-allons-decaler-des-travaux-dans-la-metropole-de-lyon_61957941.html\" target=\"_blank\" rel=\"noopener\">Bruno Bernard<\/a>, qui a choisi sa ville pour ouvrir ce centre d\u2019h\u00e9bergement.<\/p>\n<p>\u00ab\u00a0J\u2019appelle le pr\u00e9sident de la M\u00e9tropole \u00e0 cesser son acharnement judiciaire\u00a0\u00bb<\/p>\n<p class=\" wall-content\">Le tribunal administratif de Lyon vient (une nouvelle fois) de donner raison \u00e0 la Ville d\u2019\u00c9cully, dans son ordonnance du 8 avril 2025. S\u00e9bastien Michel en a profit\u00e9 pour souffler de nouveau sur les braises de ce dossier d\u00e9j\u00e0 tr\u00e8s chaud du <a href=\"https:\/\/actu.fr\/auvergne-rhone-alpes\/lyon_69123\/lyon-la-metropole-augmente-cet-impot-des-2025-crise-de-nerfs-chez-les-concernes_62394215.html\" target=\"_blank\" rel=\"noopener\">Grand Lyon<\/a>.<\/p>\n<p class=\" wall-content\">\u00ab\u00a0Je prends acte de cette d\u00e9cision dans laquelle le juge des r\u00e9f\u00e9r\u00e9s a estim\u00e9 que le Maire demeure bien fond\u00e9 \u00e0 refuser l\u2019ouverture d\u2019un \u00e9tablissement recevant du public pour des motifs li\u00e9s \u00e0 la s\u00e9curit\u00e9\u00a0\u00bb, \u00e9crit l\u2019\u00e9lu de droite dans un communiqu\u00e9.<\/p>\n<p class=\" wall-content\">Il poursuit :\u00a0 \u00ab\u00a0Deux juges, en \u00e0 peine trois mois, ont d\u00e9bout\u00e9 le pr\u00e9sident de la M\u00e9tropole dans son jusqu\u2019au boutisme. J\u2019appelle le pr\u00e9sident de la M\u00e9tropole \u00e0 cesser son acharnement judiciaire et \u00e0 renoncer \u00e0 ce projet.\u00a0\u00bb<\/p>\n<p>Il d\u00e9nonce un projet \u00ab\u00a0mal ficel\u00e9\u00a0\u00bb<\/p>\n<p class=\" wall-content\">Pour lui, c\u2019est une victoire, tant il s\u2019est battu contre \u00ab\u00a0un projet <strong>imagin\u00e9 dans son dos<\/strong> marquant une ing\u00e9rence coupable de la m\u00e9tropole de Lyon dans la vie municipale \u00e9culloise\u00a0\u00bb.<\/p>\n<p class=\" wall-content\">Le maire de la commune de l\u2019ouest de la m\u00e9tropole d\u00e9nonce un projet \u00ab\u00a0mal ficel\u00e9\u00a0\u00bb comprenant pas moins de \u00ab\u00a0six d\u00e9rogations au risque incendie\u00a0\u00bb. Il peste \u00e9galement contre les travaux d\u2019am\u00e9nagement r\u00e9alis\u00e9s sur le site \u00ab\u00a0sans autorisation d\u2019urbanisme\u00a0\u00bb.\u00a0<\/p>\n<p class=\" wall-content\">S\u00e9bastien Michel balaie par ailleurs \u00ab\u00a0l\u2019argument financier de la M\u00e9tropole de Lyon\u00a0\u00bb, qui fait \u00ab\u00a0le choix de financer en dehors de ses comp\u00e9tences un revenu solidarit\u00e9s jeunes, vers\u00e9 sans aucune contrepartie \u00e0 des centaines de jeunes pour un co\u00fbt annuel de plusieurs millions d\u2019euros\u00a0\u00bb.\u00a0<\/p>\n<p>La M\u00e9tropole : \u00ab\u00a0des centaines de milliers d\u2019euros\u00a0\u00bb gaspill\u00e9es<\/p>\n<p class=\" wall-content\">De son c\u00f4t\u00e9, la M\u00e9tropole de Lyon \u00ab\u00a0prend acte\u00a0\u00bb de la d\u00e9cision du juge des r\u00e9f\u00e9r\u00e9s, qui a rejet\u00e9 sa demande de suspension de la d\u00e9cision du maire d\u2019\u00c9cully <strong>refusant l\u2019ouverture du centre d\u2019h\u00e9bergement,<\/strong> ainsi que la demande visant \u00e0 enjoindre ce dernier d\u2019autoriser son ouverture dans l\u2019attente du jugement au fond.<\/p>\n<p class=\" wall-content\">\u00ab\u00a0Cette d\u00e9cision est regrettable au regard de l\u2019urgence de la situation et dans l\u2019int\u00e9r\u00eat des jeunes et des enfants accueillis en protection de l\u2019enfance\u00a0\u00bb, commente la collectivit\u00e9 \u00e9cologiste aupr\u00e8s d\u2019actu Lyon.<\/p>\n<p class=\" wall-content\">La M\u00e9tropole de Lyon est \u00ab\u00a0convaincue que le site d\u2019\u00c9cully pr\u00e9sente toutes les garanties pour un accueil temporaire de qualit\u00e9 des jeunes en attente d\u2019\u00e9valuation, et regrette qu\u2019il ne puisse pas encore \u00eatre mobilis\u00e9, alors m\u00eame que ce lieu avait h\u00e9berg\u00e9 pendant deux ans 110 familles ukrainiennes\u00a0\u00bb.<\/p>\n<p class=\" wall-content\">Elle ajoute : \u00ab\u00a0Ce sont aujourd\u2019hui plusieurs <strong>centaines de milliers d\u2019euros mobilis\u00e9s<\/strong> par la M\u00e9tropole qui auraient pu \u00eatre \u00e9conomis\u00e9s.\u00a0\u00bb<\/p>\n<p class=\" wall-content\">Suivez toute l\u2019actualit\u00e9 de vos villes et m\u00e9dias favoris en vous inscrivant \u00e0 <a href=\"https:\/\/moncompte.actu.fr\" title=\"D\u00e9couvez Mon Actu\" rel=\"nofollow noopener\" data-trk=\"{&quot;cta&quot;:{&quot;action&quot;:&quot;https:\\\/\\\/moncompte.actu.fr&quot;,&quot;category&quot;:&quot;mon compte&quot;,&quot;from&quot;:&quot;article footer&quot;,&quot;name&quot;:&quot;Mon actu&quot;,&quot;type&quot;:&quot;cta&quot;}}\" target=\"_blank\">Mon Actu<\/a>.<\/p>\n","protected":false},"excerpt":{"rendered":"Par Anthony Soudani Publi\u00e9 le 8 avr. 2025 \u00e0 18h53 L\u2019installation d\u2019un centre de migrants mineurs non accompagn\u00e9s&hellip;\n","protected":false},"author":2,"featured_media":13026,"comment_status":"","ping_status":"","sticky":false,"template":"","format":"standard","meta":{"footnotes":""},"categories":[1889],"tags":[1111,11,2430,5921,1777,674,1011,27,2808,2428,1251,12,25,104],"class_list":{"0":"post-13025","1":"post","2":"type-post","3":"status-publish","4":"format-standard","5":"has-post-thumbnail","7":"category-lyon","8":"tag-actu","9":"tag-actualites","10":"tag-auvergne-rhone-alpes","11":"tag-bruno-bernard","12":"tag-eu","13":"tag-europe","14":"tag-fr","15":"tag-france","16":"tag-grand-lyon","17":"tag-lyon","18":"tag-migrants","19":"tag-news","20":"tag-republique-francaise","21":"tag-societe"},"share_on_mastodon":{"url":"https:\/\/pubeurope.com\/@fr\/114308882350550268","error":""},"_links":{"self":[{"href":"https:\/\/www.europesays.com\/fr\/wp-json\/wp\/v2\/posts\/13025","targetHints":{"allow":["GET"]}}],"collection":[{"href":"https:\/\/www.europesays.com\/fr\/wp-json\/wp\/v2\/posts"}],"about":[{"href":"https:\/\/www.europesays.com\/fr\/wp-json\/wp\/v2\/types\/post"}],"author":[{"embeddable":true,"href":"https:\/\/www.europesays.com\/fr\/wp-json\/wp\/v2\/users\/2"}],"replies":[{"embeddable":true,"href":"https:\/\/www.europesays.com\/fr\/wp-json\/wp\/v2\/comments?post=13025"}],"version-history":[{"count":0,"href":"https:\/\/www.europesays.com\/fr\/wp-json\/wp\/v2\/posts\/13025\/revisions"}],"wp:featuredmedia":[{"embeddable":true,"href":"https:\/\/www.europesays.com\/fr\/wp-json\/wp\/v2\/media\/13026"}],"wp:attachment":[{"href":"https:\/\/www.europesays.com\/fr\/wp-json\/wp\/v2\/media?parent=13025"}],"wp:term":[{"taxonomy":"category","embeddable":true,"href":"https:\/\/www.europesays.com\/fr\/wp-json\/wp\/v2\/categories?post=13025"},{"taxonomy":"post_tag","embeddable":true,"href":"https:\/\/www.europesays.com\/fr\/wp-json\/wp\/v2\/tags?post=13025"}],"curies":[{"name":"wp","href":"https:\/\/api.w.org\/{rel}","templated":true}]}}