{"id":130250,"date":"2025-05-26T21:43:45","date_gmt":"2025-05-26T21:43:45","guid":{"rendered":"https:\/\/www.europesays.com\/fr\/130250\/"},"modified":"2025-05-26T21:43:45","modified_gmt":"2025-05-26T21:43:45","slug":"edito-le-ps-et-le-miracle-de-nancy","status":"publish","type":"post","link":"https:\/\/www.europesays.com\/fr\/130250\/","title":{"rendered":"[\u00c9dito] Le PS et le miracle de Nancy"},"content":{"rendered":"<p>Dans leurs rangs, on se garde bien de tresser des couronnes \u00e0 leur adversaire historique. Mais si les socialistes ne l\u2019avouent pas ouvertement, c\u2019est d\u2019un air envieux, depuis leur strapontin, qu\u2019ils observent les grandes man\u0153uvres \u00e0 droite, avec la renaissance des R\u00e9publicains. Qui aurait en effet pari\u00e9, il y a seulement quelques mois, qu\u2019un parti moribond, \u00e9cras\u00e9 entre le macronisme et le Rassemblement national, r\u00e9ussisse \u00e0 doubler le nombre de ses adh\u00e9rents (120\u00a0000) et \u00e0 mobiliser plus de 80\u00a0% d\u2019entre eux pour un vote, allant m\u00eame jusqu\u2019\u00e0 r\u00eaver en un destin pr\u00e9sidentiel s\u00e9rieux pour l\u2019un des siens, en la personne de Bruno Retailleau\u00a0? Sans doute pas grand monde. Un chemin \u00e0 droite vers un avenir plus radieux quand le PS, \u00e0 gauche, continue de zigzaguer pour assurer sa survie, \u00e9cartel\u00e9 entre pro et anti-alliance avec La France Insoumise.<\/p>\n<p>Ce mardi, 40\u00a0000 socialistes &#8211; trois fois moins que LR &#8211; sont appel\u00e9s \u00e0 d\u00e9signer leurs deux finalistes pour le poste de Premier secr\u00e9taire, qui sera nomm\u00e9, lui, le 5 juin, parmi Olivier Faure, Nicolas Mayer-Rossignol et Boris Vallaud. Et si la moiti\u00e9 vote, ce sera d\u00e9j\u00e0 pas mal. Sans parler, deux ans apr\u00e8s le traumatisme du congr\u00e8s de Marseille qui a vu les deux premiers s\u2019entre-d\u00e9chirer sur fond de tricherie, du risque toujours pr\u00e9sent, cette fois-ci en amont de Nancy mi-juin, de manipulation des chiffres dans un mode de scrutin \u00e0 l\u2019ancienne peu s\u00e9curisant. L\u00e0 encore \u00e0 contre-courant d\u2019une droite qui a su faire preuve de modernit\u00e9, avec un vote \u00e9lectronique ne souffrant d\u2019aucune sorte de contestation. Quel que soit l\u2019heureux \u00e9lu, c\u2019est donc d\u00e9j\u00e0 avec des boulets accroch\u00e9s au pied que le prochain Premier secr\u00e9taire devra conduire sa famille jusqu\u2019\u00e0 2027. \u00c0 d\u00e9faut de trouver un nouvel \u00e9lan salvateur, le parti \u00e0 la rose peut \u00e9ventuellement esp\u00e9rer un miracle. En la mati\u00e8re, Fran\u00e7ois Hollande avait bien ouvert la voie en 2012.<\/p>\n","protected":false},"excerpt":{"rendered":"Dans leurs rangs, on se garde bien de tresser des couronnes \u00e0 leur adversaire historique. Mais si les&hellip;\n","protected":false},"author":2,"featured_media":130251,"comment_status":"","ping_status":"","sticky":false,"template":"","format":"standard","meta":{"footnotes":""},"categories":[9635],"tags":[1111,11,1777,674,1011,27,775,1702,12,1427,25],"class_list":{"0":"post-130250","1":"post","2":"type-post","3":"status-publish","4":"format-standard","5":"has-post-thumbnail","7":"category-nancy","8":"tag-actu","9":"tag-actualites","10":"tag-eu","11":"tag-europe","12":"tag-fr","13":"tag-france","14":"tag-grand-est","15":"tag-nancy","16":"tag-news","17":"tag-opinions","18":"tag-republique-francaise"},"share_on_mastodon":{"url":"https:\/\/pubeurope.com\/@fr\/114576320335597643","error":""},"_links":{"self":[{"href":"https:\/\/www.europesays.com\/fr\/wp-json\/wp\/v2\/posts\/130250","targetHints":{"allow":["GET"]}}],"collection":[{"href":"https:\/\/www.europesays.com\/fr\/wp-json\/wp\/v2\/posts"}],"about":[{"href":"https:\/\/www.europesays.com\/fr\/wp-json\/wp\/v2\/types\/post"}],"author":[{"embeddable":true,"href":"https:\/\/www.europesays.com\/fr\/wp-json\/wp\/v2\/users\/2"}],"replies":[{"embeddable":true,"href":"https:\/\/www.europesays.com\/fr\/wp-json\/wp\/v2\/comments?post=130250"}],"version-history":[{"count":0,"href":"https:\/\/www.europesays.com\/fr\/wp-json\/wp\/v2\/posts\/130250\/revisions"}],"wp:featuredmedia":[{"embeddable":true,"href":"https:\/\/www.europesays.com\/fr\/wp-json\/wp\/v2\/media\/130251"}],"wp:attachment":[{"href":"https:\/\/www.europesays.com\/fr\/wp-json\/wp\/v2\/media?parent=130250"}],"wp:term":[{"taxonomy":"category","embeddable":true,"href":"https:\/\/www.europesays.com\/fr\/wp-json\/wp\/v2\/categories?post=130250"},{"taxonomy":"post_tag","embeddable":true,"href":"https:\/\/www.europesays.com\/fr\/wp-json\/wp\/v2\/tags?post=130250"}],"curies":[{"name":"wp","href":"https:\/\/api.w.org\/{rel}","templated":true}]}}