{"id":130265,"date":"2025-05-26T21:55:30","date_gmt":"2025-05-26T21:55:30","guid":{"rendered":"https:\/\/www.europesays.com\/fr\/130265\/"},"modified":"2025-05-26T21:55:30","modified_gmt":"2025-05-26T21:55:30","slug":"la-direction-a-tranche-habib-beye-sera-lentraineur-la-saison-prochaine","status":"publish","type":"post","link":"https:\/\/www.europesays.com\/fr\/130265\/","title":{"rendered":"la direction a tranch\u00e9, Habib Beye sera l&rsquo;entra\u00eeneur la saison prochaine"},"content":{"rendered":"<p>Alors que le Stade Rennais a rat\u00e9 sa saison termin\u00e9e \u00e0 une d\u00e9cevante 12e place, le pr\u00e9sident du club breton Arnaud Pouille a confirm\u00e9 ce lundi le maintien d&rsquo;Habib Beye en poste. En d\u00e9but de semaine derni\u00e8re, les r\u00e9unions s&rsquo;\u00e9taient enchain\u00e9es \u00e0 la Piverdi\u00e8re entre Pouille, <a href=\"https:\/\/fr.news.yahoo.com\/sport\/nest-sinc%C3%A8re-rothen-d%C3%A9zingue-beye-183731690.html\" data-ylk=\"slk:Habib Beye;elm:context_link;itc:0;sec:content-canvas;outcm:mb_qualified_link;_E:mb_qualified_link;ct:story;\" class=\"link  yahoo-link\" rel=\"nofollow noopener\" target=\"_blank\">Habib Beye<\/a>, Loic D\u00e9sir\u00e9, le nouveau directeur sportif, et Laurent Bessi\u00e8re, qui prend en charge une nouvelle cellule de performance afin d&rsquo;\u00e9tablir une feuille de route claire et que toutes les parties s&rsquo;alignent.<\/p>\n<p><a href=\"https:\/\/rmcsport.bfmtv.com\/football\/transferts\/direct-mercato-suivez-en-live-toutes-les-infos-et-rumeurs-du-26-mai-2025_LN-202505260189.html\" rel=\"nofollow noopener\" target=\"_blank\" data-ylk=\"slk:&gt;&gt; Le mercato en direct;elm:context_link;itc:0;sec:content-canvas\" class=\"link \">&gt;&gt; Le mercato en direct<\/a><\/p>\n<p>Des discussions pour allonger son contrat<\/p>\n<p>Ces \u00e9changes ont semble-t-il \u00e9t\u00e9 concluants. \u00ab\u00a0Il n\u2019y a aucun sujet. Habib est sur une dynamique positive, sur les quatre mois qu\u2019il a pass\u00e9s ici. Il a apport\u00e9 de l\u2019\u00e9nergie, il n\u2019y a aucune raison pour ne pas continuer avec lui\u00a0\u00bb, a d\u00e9clar\u00e9 Pouille, interrog\u00e9 chez nos confr\u00e8res de TV Rennes. \u00ab\u00a0C\u2019est m\u00eame all\u00e9 au-del\u00e0 de nos esp\u00e9rances.\u00a0Il \u00e9change positivement avec Lo\u00efc D\u00e9sir\u00e9. Il est central. La question, c\u2019est comment on construit autour d\u2019Habib Beye\u00a0\u00bb.<\/p>\n<p>Prolong\u00e9 automatiquement <a href=\"https:\/\/fr.news.yahoo.com\/sport\/mercato-beye-confirme-avoir-%C3%A9t%C3%A9-142344422.html\" data-ylk=\"slk:d&#039;un an jusqu&#039;en 2026;elm:context_link;itc:0;sec:content-canvas;outcm:mb_qualified_link;_E:mb_qualified_link;ct:story;\" class=\"link  yahoo-link\" rel=\"nofollow noopener\" target=\"_blank\">d&rsquo;un an jusqu&rsquo;en 2026<\/a> suite au maintien de l&rsquo;\u00e9quipe bretonne, des discussions sont en cours entre les repr\u00e9sentants et le club pour allonger le contrat. La reprise de l&rsquo;entra\u00eenement est programm\u00e9 le 27 juin prochain.<\/p>\n<p><a href=\"https:\/\/rmcsport.bfmtv.com\/football\/transferts\/rennes-la-direction-a-tranche-habib-beye-sera-l-entraineur-la-saison-prochaine_AV-202505260675.html#xtor=AL-68\" rel=\"nofollow noopener\" target=\"_blank\" data-ylk=\"slk:Article original publi\u00e9 sur RMC Sport;elm:context_link;itc:0;sec:content-canvas\" class=\"link \">Article original publi\u00e9 sur RMC Sport<\/a><\/p>\n","protected":false},"excerpt":{"rendered":"Alors que le Stade Rennais a rat\u00e9 sa saison termin\u00e9e \u00e0 une d\u00e9cevante 12e place, le pr\u00e9sident du&hellip;\n","protected":false},"author":2,"featured_media":69532,"comment_status":"","ping_status":"","sticky":false,"template":"","format":"standard","meta":{"footnotes":""},"categories":[2821],"tags":[1111,11,19781,829,1777,674,1011,27,12,584,25,3087],"class_list":{"0":"post-130265","1":"post","2":"type-post","3":"status-publish","4":"format-standard","5":"has-post-thumbnail","7":"category-rennes","8":"tag-actu","9":"tag-actualites","10":"tag-beye","11":"tag-bretagne","12":"tag-eu","13":"tag-europe","14":"tag-fr","15":"tag-france","16":"tag-news","17":"tag-rennes","18":"tag-republique-francaise","19":"tag-stade-rennais"},"share_on_mastodon":{"url":"https:\/\/pubeurope.com\/@fr\/114576367532218550","error":""},"_links":{"self":[{"href":"https:\/\/www.europesays.com\/fr\/wp-json\/wp\/v2\/posts\/130265","targetHints":{"allow":["GET"]}}],"collection":[{"href":"https:\/\/www.europesays.com\/fr\/wp-json\/wp\/v2\/posts"}],"about":[{"href":"https:\/\/www.europesays.com\/fr\/wp-json\/wp\/v2\/types\/post"}],"author":[{"embeddable":true,"href":"https:\/\/www.europesays.com\/fr\/wp-json\/wp\/v2\/users\/2"}],"replies":[{"embeddable":true,"href":"https:\/\/www.europesays.com\/fr\/wp-json\/wp\/v2\/comments?post=130265"}],"version-history":[{"count":0,"href":"https:\/\/www.europesays.com\/fr\/wp-json\/wp\/v2\/posts\/130265\/revisions"}],"wp:featuredmedia":[{"embeddable":true,"href":"https:\/\/www.europesays.com\/fr\/wp-json\/wp\/v2\/media\/69532"}],"wp:attachment":[{"href":"https:\/\/www.europesays.com\/fr\/wp-json\/wp\/v2\/media?parent=130265"}],"wp:term":[{"taxonomy":"category","embeddable":true,"href":"https:\/\/www.europesays.com\/fr\/wp-json\/wp\/v2\/categories?post=130265"},{"taxonomy":"post_tag","embeddable":true,"href":"https:\/\/www.europesays.com\/fr\/wp-json\/wp\/v2\/tags?post=130265"}],"curies":[{"name":"wp","href":"https:\/\/api.w.org\/{rel}","templated":true}]}}