{"id":130266,"date":"2025-05-26T21:56:19","date_gmt":"2025-05-26T21:56:19","guid":{"rendered":"https:\/\/www.europesays.com\/fr\/130266\/"},"modified":"2025-05-26T21:56:19","modified_gmt":"2025-05-26T21:56:19","slug":"schiltigheim-rencontre-inopinee-entre-deux-adjoints-et-des-opposants-patrick-maciejewski-reagit-2","status":"publish","type":"post","link":"https:\/\/www.europesays.com\/fr\/130266\/","title":{"rendered":"Schiltigheim. Rencontre inopin\u00e9e entre deux adjoints et des opposants : Patrick Maciejewski r\u00e9agit"},"content":{"rendered":"<p>Patrick Maciejewski, le premier adjoint de Schiltigheim, s\u2019est \u00e9tonn\u00e9 du r\u00e9cit fait par le conseiller municipal d\u2019opposition Dera Ratsiajetsinimaro de sa participation \u00e0 une r\u00e9union du groupe \u00ab\u200aRassembl\u00e9s pour Schilick\u200a\u00bb (<a href=\"https:\/\/www.dna.fr\/politique\/2025\/05\/23\/deux-adjoints-assistent-a-une-reunion-de-l-opposition\" target=\"_blank\" rel=\"noopener\">DNA du 25 mai<\/a>) portant sur l\u2019extension du stationnement payant.<\/p>\n<p>Selon lui, rien de pr\u00e9m\u00e9dit\u00e9. Avec Beno\u00eet Steffanus, adjoint et pr\u00e9sident du Foyer Moderne, il sortait d\u2019une r\u00e9union du conseil d\u2019administration du bailleur social. Pris d\u2019une envie \u00ab\u200ad\u2019aller boire un pot\u200a\u00bb, les deux hommes sont entr\u00e9s dans l\u2019\u00e9tablissement le plus proche. Et sont tomb\u00e9s sur cette r\u00e9union qui se tenait dans un \u00ab\u200aendroit public\u200a\u00bb et non pas dans une salle privatis\u00e9e.<\/p>\n<p>\u00ab\u200aLes gens m\u2019ont pos\u00e9 des questions, j\u2019ai r\u00e9pondu\u200a\u00bb, pr\u00e9cise le premier adjoint qui n\u2019a, selon lui, pas cherch\u00e9 \u00e0 s\u2019incruster. \u00ab\u200aEt ils m\u2019ont m\u00eame pay\u00e9 \u00e0 boire\u200a!\u200a\u00bb s\u2019amuse-t-il.<\/p>\n","protected":false},"excerpt":{"rendered":"Patrick Maciejewski, le premier adjoint de Schiltigheim, s\u2019est \u00e9tonn\u00e9 du r\u00e9cit fait par le conseiller municipal d\u2019opposition Dera&hellip;\n","protected":false},"author":2,"featured_media":130015,"comment_status":"","ping_status":"","sticky":false,"template":"","format":"standard","meta":{"footnotes":""},"categories":[2820],"tags":[1111,11,2880,1777,674,107,1011,27,775,12,316,25,5512,640,3265],"class_list":{"0":"post-130266","1":"post","2":"type-post","3":"status-publish","4":"format-standard","5":"has-post-thumbnail","7":"category-strasbourg","8":"tag-actu","9":"tag-actualites","10":"tag-edition-strasbourg","11":"tag-eu","12":"tag-europe","13":"tag-fil-info","14":"tag-fr","15":"tag-france","16":"tag-grand-est","17":"tag-news","18":"tag-politique","19":"tag-republique-francaise","20":"tag-schiltigheim","21":"tag-strasbourg","22":"tag-strasbourg-nord"},"share_on_mastodon":{"url":"https:\/\/pubeurope.com\/@fr\/114576371555111320","error":""},"_links":{"self":[{"href":"https:\/\/www.europesays.com\/fr\/wp-json\/wp\/v2\/posts\/130266","targetHints":{"allow":["GET"]}}],"collection":[{"href":"https:\/\/www.europesays.com\/fr\/wp-json\/wp\/v2\/posts"}],"about":[{"href":"https:\/\/www.europesays.com\/fr\/wp-json\/wp\/v2\/types\/post"}],"author":[{"embeddable":true,"href":"https:\/\/www.europesays.com\/fr\/wp-json\/wp\/v2\/users\/2"}],"replies":[{"embeddable":true,"href":"https:\/\/www.europesays.com\/fr\/wp-json\/wp\/v2\/comments?post=130266"}],"version-history":[{"count":0,"href":"https:\/\/www.europesays.com\/fr\/wp-json\/wp\/v2\/posts\/130266\/revisions"}],"wp:featuredmedia":[{"embeddable":true,"href":"https:\/\/www.europesays.com\/fr\/wp-json\/wp\/v2\/media\/130015"}],"wp:attachment":[{"href":"https:\/\/www.europesays.com\/fr\/wp-json\/wp\/v2\/media?parent=130266"}],"wp:term":[{"taxonomy":"category","embeddable":true,"href":"https:\/\/www.europesays.com\/fr\/wp-json\/wp\/v2\/categories?post=130266"},{"taxonomy":"post_tag","embeddable":true,"href":"https:\/\/www.europesays.com\/fr\/wp-json\/wp\/v2\/tags?post=130266"}],"curies":[{"name":"wp","href":"https:\/\/api.w.org\/{rel}","templated":true}]}}