{"id":13027,"date":"2025-04-09T16:11:13","date_gmt":"2025-04-09T16:11:13","guid":{"rendered":"https:\/\/www.europesays.com\/fr\/13027\/"},"modified":"2025-04-09T16:11:13","modified_gmt":"2025-04-09T16:11:13","slug":"lyon-nouvelle-accusation-dagression-sexuelle-a-la-piscine-garibaldi","status":"publish","type":"post","link":"https:\/\/www.europesays.com\/fr\/13027\/","title":{"rendered":"Lyon : nouvelle accusation d&rsquo;agression sexuelle \u00e0 la piscine Garibaldi"},"content":{"rendered":"<p>Soup\u00e7onn\u00e9 d&rsquo;agression sexuelle \u00e0 la piscine Garibaldi, \u00e0 Lyon, un homme a \u00e9t\u00e9 interpell\u00e9 lundi 7 avril. Des faits similaires avaient d\u00e9j\u00e0 \u00e9t\u00e9 d\u00e9nonc\u00e9s fin mars.<\/p>\n<p>Bis repetita \u00e0 la <b>piscine Garibaldi<\/b>, dans le 3e arrondissement de <b>Lyon<\/b>. Une dizaine de jours apr\u00e8s l&rsquo;<a class=\"url\" href=\"https:\/\/www.radioscoop.com\/infos\/lyon-un-homme-soupconne-de-plusieurs-agressions-sexuelles-a-la-piscine-garibaldi_325353\" target=\"_blank\" rel=\"noopener\">interpellation d&rsquo;un homme<\/a> pour une s\u00e9rie d&rsquo;<b>agressions sexuelles<\/b>, un autre homme a \u00e9t\u00e9 arr\u00eat\u00e9 lundi 7 avril pour des faits similaires.\u00a0<\/p>\n<p>Une victime a d\u00e9pos\u00e9 plainte<\/p>\n<p>Cette fois, selon <a class=\"url\" href=\"https:\/\/c.leprogres.fr\/faits-divers-justice\/2025\/04\/08\/nouvelle-agression-sexuelle-a-la-piscine-garibaldi-un-individu-interpelle\" target=\"_blank\" rel=\"noopener\">le Progr\u00e8s<\/a>, <b>une victime<\/b> s&rsquo;est manifest\u00e9e et a <b>d\u00e9pos\u00e9 plainte<\/b>. Elles \u00e9taient sept lors de la pr\u00e9c\u00e9dente affaire survenue fin mars.\u00a0<\/p>\n<p>Une enqu\u00eate a \u00e9t\u00e9 ouverte.\u00a0<\/p>\n<p><img loading=\"lazy\" decoding=\"async\" src=\"https:\/\/www.europesays.com\/fr\/wp-content\/uploads\/2025\/04\/1744215073_710_img\" width=\"350\" height=\"200\" border=\"0\" title=\"Camion de pompiers\"\/><\/p>\n<p>\u25baFaits divers<\/p>\n<p style=\"font-size: 22px;\"><b>Bourgoin-Jallieu : une famille intoxiqu\u00e9e au monoxyde de carbone<\/b><\/p>\n<p>Quatre personnes dont un b\u00e9b\u00e9 ont \u00e9t\u00e9 victimes&#8230;<\/p>\n<p><\/p>\n","protected":false},"excerpt":{"rendered":"Soup\u00e7onn\u00e9 d&rsquo;agression sexuelle \u00e0 la piscine Garibaldi, \u00e0 Lyon, un homme a \u00e9t\u00e9 interpell\u00e9 lundi 7 avril. Des&hellip;\n","protected":false},"author":2,"featured_media":13028,"comment_status":"","ping_status":"","sticky":false,"template":"","format":"standard","meta":{"footnotes":""},"categories":[1889],"tags":[1111,11,1267,2430,1769,1777,674,1011,27,5923,2428,12,5922,25],"class_list":{"0":"post-13027","1":"post","2":"type-post","3":"status-publish","4":"format-standard","5":"has-post-thumbnail","7":"category-lyon","8":"tag-actu","9":"tag-actualites","10":"tag-agression-sexuelle","11":"tag-auvergne-rhone-alpes","12":"tag-enqute","13":"tag-eu","14":"tag-europe","15":"tag-fr","16":"tag-france","17":"tag-garibaldi","18":"tag-lyon","19":"tag-news","20":"tag-piscine","21":"tag-republique-francaise"},"share_on_mastodon":{"url":"https:\/\/pubeurope.com\/@fr\/114308886316310075","error":""},"_links":{"self":[{"href":"https:\/\/www.europesays.com\/fr\/wp-json\/wp\/v2\/posts\/13027","targetHints":{"allow":["GET"]}}],"collection":[{"href":"https:\/\/www.europesays.com\/fr\/wp-json\/wp\/v2\/posts"}],"about":[{"href":"https:\/\/www.europesays.com\/fr\/wp-json\/wp\/v2\/types\/post"}],"author":[{"embeddable":true,"href":"https:\/\/www.europesays.com\/fr\/wp-json\/wp\/v2\/users\/2"}],"replies":[{"embeddable":true,"href":"https:\/\/www.europesays.com\/fr\/wp-json\/wp\/v2\/comments?post=13027"}],"version-history":[{"count":0,"href":"https:\/\/www.europesays.com\/fr\/wp-json\/wp\/v2\/posts\/13027\/revisions"}],"wp:featuredmedia":[{"embeddable":true,"href":"https:\/\/www.europesays.com\/fr\/wp-json\/wp\/v2\/media\/13028"}],"wp:attachment":[{"href":"https:\/\/www.europesays.com\/fr\/wp-json\/wp\/v2\/media?parent=13027"}],"wp:term":[{"taxonomy":"category","embeddable":true,"href":"https:\/\/www.europesays.com\/fr\/wp-json\/wp\/v2\/categories?post=13027"},{"taxonomy":"post_tag","embeddable":true,"href":"https:\/\/www.europesays.com\/fr\/wp-json\/wp\/v2\/tags?post=13027"}],"curies":[{"name":"wp","href":"https:\/\/api.w.org\/{rel}","templated":true}]}}