{"id":130273,"date":"2025-05-26T22:00:11","date_gmt":"2025-05-26T22:00:11","guid":{"rendered":"https:\/\/www.europesays.com\/fr\/130273\/"},"modified":"2025-05-26T22:00:11","modified_gmt":"2025-05-26T22:00:11","slug":"un-conducteur-de-17-ans-condamne-pour-un-refus-dobtemperer-a-scooter","status":"publish","type":"post","link":"https:\/\/www.europesays.com\/fr\/130273\/","title":{"rendered":"Un conducteur de 17 ans condamn\u00e9 pour un refus d\u2019obtemp\u00e9rer \u00e0 scooter"},"content":{"rendered":"<p>Il est tard, dans la soir\u00e9e du vendredi 23\u00a0mai \u00e0 Villeneuve-en-Retz lorsque les gendarmes rep\u00e8rent un scooter, qui \u00e0 leur approche tente de dissimuler sa plaque. Alors qu\u2019ils s\u2019appr\u00eatent \u00e0 contr\u00f4ler le conducteur du deux-roues, celui-ci prend la fuite et roule sur plusieurs kilom\u00e8tres, jusqu\u2019\u00e0 la commune de Machecoul-Saint-M\u00eame.<\/p>\n<p>Cannabis, d\u00e9pistage positif et refus d\u2019obtemp\u00e9rer<\/p>\n<p>Le conducteur, \u00e2g\u00e9 de 17\u00a0ans, sera finalement interpell\u00e9 pour un refus d\u2019obtemp\u00e9rer. Quinze grammes de cannabis sont \u00e9galement retrouv\u00e9s sur lui et le d\u00e9pistage montre qu\u2019il \u00e9tait \u00e9galement positif aux stup\u00e9fiants. D\u00e9f\u00e9r\u00e9 au tribunal judiciaire de Nantes, le mineur, qui n\u2019avait jamais eu \u00e0 faire \u00e0 la justice, a \u00e9cop\u00e9 d\u2019un avertissement p\u00e9nal probatoire.<\/p>\n<p>\u00a0<\/p>\n","protected":false},"excerpt":{"rendered":"Il est tard, dans la soir\u00e9e du vendredi 23\u00a0mai \u00e0 Villeneuve-en-Retz lorsque les gendarmes rep\u00e8rent un scooter, qui&hellip;\n","protected":false},"author":2,"featured_media":130274,"comment_status":"","ping_status":"","sticky":false,"template":"","format":"standard","meta":{"footnotes":""},"categories":[2818],"tags":[9273,1111,11,1764,8652,8057,1777,674,1011,27,766,12,24282,2636,14728,25,6291],"class_list":{"0":"post-130273","1":"post","2":"type-post","3":"status-publish","4":"format-standard","5":"has-post-thumbnail","7":"category-nantes","8":"tag-9273","9":"tag-actu","10":"tag-actualites","11":"tag-ans","12":"tag-condamne","13":"tag-conducteur","14":"tag-eu","15":"tag-europe","16":"tag-fr","17":"tag-france","18":"tag-nantes","19":"tag-news","20":"tag-obtemperer","21":"tag-pays-de-la-loire","22":"tag-refus","23":"tag-republique-francaise","24":"tag-scooter"},"share_on_mastodon":{"url":"https:\/\/pubeurope.com\/@fr\/114576387224011250","error":""},"_links":{"self":[{"href":"https:\/\/www.europesays.com\/fr\/wp-json\/wp\/v2\/posts\/130273","targetHints":{"allow":["GET"]}}],"collection":[{"href":"https:\/\/www.europesays.com\/fr\/wp-json\/wp\/v2\/posts"}],"about":[{"href":"https:\/\/www.europesays.com\/fr\/wp-json\/wp\/v2\/types\/post"}],"author":[{"embeddable":true,"href":"https:\/\/www.europesays.com\/fr\/wp-json\/wp\/v2\/users\/2"}],"replies":[{"embeddable":true,"href":"https:\/\/www.europesays.com\/fr\/wp-json\/wp\/v2\/comments?post=130273"}],"version-history":[{"count":0,"href":"https:\/\/www.europesays.com\/fr\/wp-json\/wp\/v2\/posts\/130273\/revisions"}],"wp:featuredmedia":[{"embeddable":true,"href":"https:\/\/www.europesays.com\/fr\/wp-json\/wp\/v2\/media\/130274"}],"wp:attachment":[{"href":"https:\/\/www.europesays.com\/fr\/wp-json\/wp\/v2\/media?parent=130273"}],"wp:term":[{"taxonomy":"category","embeddable":true,"href":"https:\/\/www.europesays.com\/fr\/wp-json\/wp\/v2\/categories?post=130273"},{"taxonomy":"post_tag","embeddable":true,"href":"https:\/\/www.europesays.com\/fr\/wp-json\/wp\/v2\/tags?post=130273"}],"curies":[{"name":"wp","href":"https:\/\/api.w.org\/{rel}","templated":true}]}}