{"id":130286,"date":"2025-05-26T22:08:07","date_gmt":"2025-05-26T22:08:07","guid":{"rendered":"https:\/\/www.europesays.com\/fr\/130286\/"},"modified":"2025-05-26T22:08:07","modified_gmt":"2025-05-26T22:08:07","slug":"le-marseillais-sebastien-lieutaud-le-syndic-dans-la-peau","status":"publish","type":"post","link":"https:\/\/www.europesays.com\/fr\/130286\/","title":{"rendered":"Le Marseillais S\u00e9bastien Lieutaud, le syndic dans la peau"},"content":{"rendered":"<p>Le syndic, une histoire de famille, et surtout, un repaire privil\u00e9gi\u00e9 pour <a href=\"https:\/\/www.laprovence.com\/article\/economie\/5788051526671914\/creation-d-un-ordre-professionnel-automatisation-des-taches-ia-une-nouvelle-ere-pour-le-metier-de-syndic\" target=\"_blank\" rel=\"noopener\">S\u00e9bastien Lieutaud<\/a>. Fils de Jean-Luc Lieutaud, ancien pr\u00e9sident r\u00e9gional de l&rsquo;Unis, syndicat qui f\u00e9d\u00e8re les professionnels de l&rsquo;immobilier, le Marseillais a toujours baign\u00e9 dans ce secteur. \u00ab\u00a0Il m&#8217;emmenait dans son agence coller des enveloppes et des timbres, cela m&rsquo;a donn\u00e9 le go\u00fbt\u00a0\u00bb, se souvient-il.<\/p>\n<p>Pour autant, le jeune homme se tourne vers un autre genre de parquet, et vise le haut du panier dans son sport de pr\u00e9dilection. \u00ab\u00a0J&rsquo;ai fait six ans de basket-ball et j&rsquo;\u00e9tais au Smuc en club. Je voulais devenir professionnel, c&rsquo;\u00e9tait mon ambition premi\u00e8re\u00a0\u00bb, admet-il.<\/p>\n","protected":false},"excerpt":{"rendered":"Le syndic, une histoire de famille, et surtout, un repaire privil\u00e9gi\u00e9 pour S\u00e9bastien Lieutaud. Fils de Jean-Luc Lieutaud,&hellip;\n","protected":false},"author":2,"featured_media":130287,"comment_status":"","ping_status":"","sticky":false,"template":"","format":"standard","meta":{"footnotes":""},"categories":[2814],"tags":[930,17,1111,11,3396,33,932,1777,674,1011,27,25461,761,884,12,882,3583,25,17417],"class_list":{"0":"post-130286","1":"post","2":"type-post","3":"status-publish","4":"format-standard","5":"has-post-thumbnail","7":"category-marseille","8":"tag-le","9":"tag-17","10":"tag-actu","11":"tag-actualites","12":"tag-avec","13":"tag-economie","14":"tag-est","15":"tag-eu","16":"tag-europe","17":"tag-fr","18":"tag-france","19":"tag-lieutaud","20":"tag-marseillais","21":"tag-marseille","22":"tag-news","23":"tag-provence-alpes-cote-dazur","24":"tag-qui","25":"tag-republique-francaise","26":"tag-sebastien"},"share_on_mastodon":{"url":"https:\/\/pubeurope.com\/@fr\/114576418619306074","error":""},"_links":{"self":[{"href":"https:\/\/www.europesays.com\/fr\/wp-json\/wp\/v2\/posts\/130286","targetHints":{"allow":["GET"]}}],"collection":[{"href":"https:\/\/www.europesays.com\/fr\/wp-json\/wp\/v2\/posts"}],"about":[{"href":"https:\/\/www.europesays.com\/fr\/wp-json\/wp\/v2\/types\/post"}],"author":[{"embeddable":true,"href":"https:\/\/www.europesays.com\/fr\/wp-json\/wp\/v2\/users\/2"}],"replies":[{"embeddable":true,"href":"https:\/\/www.europesays.com\/fr\/wp-json\/wp\/v2\/comments?post=130286"}],"version-history":[{"count":0,"href":"https:\/\/www.europesays.com\/fr\/wp-json\/wp\/v2\/posts\/130286\/revisions"}],"wp:featuredmedia":[{"embeddable":true,"href":"https:\/\/www.europesays.com\/fr\/wp-json\/wp\/v2\/media\/130287"}],"wp:attachment":[{"href":"https:\/\/www.europesays.com\/fr\/wp-json\/wp\/v2\/media?parent=130286"}],"wp:term":[{"taxonomy":"category","embeddable":true,"href":"https:\/\/www.europesays.com\/fr\/wp-json\/wp\/v2\/categories?post=130286"},{"taxonomy":"post_tag","embeddable":true,"href":"https:\/\/www.europesays.com\/fr\/wp-json\/wp\/v2\/tags?post=130286"}],"curies":[{"name":"wp","href":"https:\/\/api.w.org\/{rel}","templated":true}]}}