{"id":130290,"date":"2025-05-26T22:10:08","date_gmt":"2025-05-26T22:10:08","guid":{"rendered":"https:\/\/www.europesays.com\/fr\/130290\/"},"modified":"2025-05-26T22:10:08","modified_gmt":"2025-05-26T22:10:08","slug":"jean-michel-aulas-souhaite-une-mairie-sans-cabinet-politique-a-lancienne","status":"publish","type":"post","link":"https:\/\/www.europesays.com\/fr\/130290\/","title":{"rendered":"Jean-Michel Aulas souhaite une mairie \u00ab\u00a0sans cabinet politique \u00e0 l\u2019ancienne\u00a0\u00bb"},"content":{"rendered":"<p>Jean-Michel Aulas a publi\u00e9 ce lundi une nouvelle d\u00e9claration sur X, sans officialiser sa candidature aux municipales lyonnaises de 2026, mais en poursuivant sa strat\u00e9gie d\u2019affichage d\u2019un mod\u00e8le de gouvernance alternatif.<\/p>\n<p><strong>\u00ab\u00a0Servir, pas me servir\u00a0\u00bb<\/strong><\/p>\n<p>L\u2019ancien pr\u00e9sident de l\u2019OL, qui avait d\u00e9j\u00e0 annonc\u00e9 renoncer \u00e0 ses indemnit\u00e9s en cas d\u2019\u00e9lection, va plus loin dans ce nouveau message :\u00a0\u00ab\u00a0Renoncer aux indemnit\u00e9s, j\u2019y tiens, car si je suis candidat, c\u2019est pour servir, pas pour me servir. Mais c\u2019est une premi\u00e8re \u00e9tape, pour aller plus loin : pas de cabinet politique \u00e0 l\u2019ancienne \u00e0 la mairie de Lyon. Trop d\u2019opacit\u00e9, des d\u00e9rives encore d\u2019actualit\u00e9. Je proposerais de faire de nouveau confiance \u00e0 l\u2019administration et aux maires d\u2019arrondissement, de r\u00e9aliser des \u00e9conomies substantielles, pour soutenir la jeunesse lyonnaise, en lien avec le monde acad\u00e9mique, et plus valoriser le r\u00f4le et le potentiel des femmes.\u00a0\u00bb<\/p>\n<p>Avant de conclure :\u00a0\u00ab\u00a0Faire mieux, avec moins. \u00c0 Lyon, \u00e7a devrait \u00eatre possible, \u00e7a devrait m\u00eame \u00eatre un devoir. Et \u00e7a deviendra un objectif.\u00a0\u00bb<\/p>\n<p>Dans la foul\u00e9e, son collectif de soutien \u201cG\u00e9n\u00e9ration Aulas\u201d a publi\u00e9 un communiqu\u00e9 saluant une \u00ab\u00a0prise de position\u00a0\u00bb jug\u00e9e \u00ab\u00a0forte\u00a0\u00bb, et \u00e9voquant un choix de \u00ab\u00a0gouvernance apais\u00e9e\u00a0\u00bb.<\/p>\n<p>\u00ab\u00a0G\u00e9n\u00e9ration Aulas salue avec force les prises de position de Jean-Michel Aulas exprim\u00e9es ce jour sur X. Apr\u00e8s avoir annonc\u00e9 dans son renoncement \u00e0 l&rsquo;int\u00e9gralit\u00e9 de ses futures indemnit\u00e9s de maire, il va plus loin en refusant de constituer un cabinet politique pl\u00e9thorique. Ce choix fort t\u00e9moigne d&rsquo;un engagement sinc\u00e8re : servir les Lyonnaises et les Lyonnais, sans client\u00e9lisme, ni opacit\u00e9.\u00a0\u00bb<\/p>\n<p>Le collectif estime que pr\u00e8s de \u00ab\u00a05 millions d\u2019euros pourraient \u00eatre r\u00e9inject\u00e9s dans des projets utiles \u00e0 notre ville\u00a0\u00bb et \u00ab\u00a0dans des politiques d\u2019attractivit\u00e9 universitaire\u00a0\u00bb. Il poursuit : \u00ab\u00a0La transparence que porte Jean-Michel Aulas tranche avec les pratiques anciennes. Elle ouvre la voie \u00e0 une gouvernance apais\u00e9e, directe, respectueuse des citoyens. La r\u00e9cente garde \u00e0 vue du maire sortant a choqu\u00e9 de nombreux Lyonnais. Elle a r\u00e9v\u00e9l\u00e9 l&rsquo;impasse d&rsquo;un syst\u00e8me opaque, verrouill\u00e9, d\u00e9connect\u00e9 du terrain.\u00a0\u00bb<\/p>\n<p>Le collectif appuie l\u2019id\u00e9e d\u2019une \u00e9quipe municipale recentr\u00e9e autour des agents et \u00e9lus existants : \u00ab\u00a0Jean-Michel Aulas a raison de vouloir s&rsquo;appuyer sur les 9 500 agents municipaux qui, chaque jour, font vivre les services publics lyonnais avec comp\u00e9tence et d\u00e9vouement. [&#8230;] Lyon n&rsquo;a pas besoin d&rsquo;une arm\u00e9e mexicaine pay\u00e9e par les contribuables. Elle a besoin d&rsquo;une \u00e9quipe resserr\u00e9e, d&rsquo;un maire pr\u00e9sent, et d&rsquo;un esprit de coll\u00e9gialit\u00e9 v\u00e9ritable dans les d\u00e9cisions.\u00a0\u00bb<\/p>\n","protected":false},"excerpt":{"rendered":"Jean-Michel Aulas a publi\u00e9 ce lundi une nouvelle d\u00e9claration sur X, sans officialiser sa candidature aux municipales lyonnaises&hellip;\n","protected":false},"author":2,"featured_media":130291,"comment_status":"","ping_status":"","sticky":false,"template":"","format":"standard","meta":{"footnotes":""},"categories":[1889],"tags":[1111,11,2813,2190,2430,1109,251,1112,2811,1777,674,118,1011,27,1922,1110,1114,2428,2810,12,241,316,25,2812,517,800],"class_list":{"0":"post-130290","1":"post","2":"type-post","3":"status-publish","4":"format-standard","5":"has-post-thumbnail","7":"category-lyon","8":"tag-actu","9":"tag-actualites","10":"tag-article","11":"tag-asvel","12":"tag-auvergne-rhone-alpes","13":"tag-breves","14":"tag-culture","15":"tag-depeches","16":"tag-economique","17":"tag-eu","18":"tag-europe","19":"tag-faits-divers","20":"tag-fr","21":"tag-france","22":"tag-info","23":"tag-informations","24":"tag-infos","25":"tag-lyon","26":"tag-lyonmag","27":"tag-news","28":"tag-ol","29":"tag-politique","30":"tag-republique-francaise","31":"tag-sociale","32":"tag-sport","33":"tag-transports"},"share_on_mastodon":{"url":"https:\/\/pubeurope.com\/@fr\/114576426489553391","error":""},"_links":{"self":[{"href":"https:\/\/www.europesays.com\/fr\/wp-json\/wp\/v2\/posts\/130290","targetHints":{"allow":["GET"]}}],"collection":[{"href":"https:\/\/www.europesays.com\/fr\/wp-json\/wp\/v2\/posts"}],"about":[{"href":"https:\/\/www.europesays.com\/fr\/wp-json\/wp\/v2\/types\/post"}],"author":[{"embeddable":true,"href":"https:\/\/www.europesays.com\/fr\/wp-json\/wp\/v2\/users\/2"}],"replies":[{"embeddable":true,"href":"https:\/\/www.europesays.com\/fr\/wp-json\/wp\/v2\/comments?post=130290"}],"version-history":[{"count":0,"href":"https:\/\/www.europesays.com\/fr\/wp-json\/wp\/v2\/posts\/130290\/revisions"}],"wp:featuredmedia":[{"embeddable":true,"href":"https:\/\/www.europesays.com\/fr\/wp-json\/wp\/v2\/media\/130291"}],"wp:attachment":[{"href":"https:\/\/www.europesays.com\/fr\/wp-json\/wp\/v2\/media?parent=130290"}],"wp:term":[{"taxonomy":"category","embeddable":true,"href":"https:\/\/www.europesays.com\/fr\/wp-json\/wp\/v2\/categories?post=130290"},{"taxonomy":"post_tag","embeddable":true,"href":"https:\/\/www.europesays.com\/fr\/wp-json\/wp\/v2\/tags?post=130290"}],"curies":[{"name":"wp","href":"https:\/\/api.w.org\/{rel}","templated":true}]}}