{"id":130292,"date":"2025-05-26T22:11:11","date_gmt":"2025-05-26T22:11:11","guid":{"rendered":"https:\/\/www.europesays.com\/fr\/130292\/"},"modified":"2025-05-26T22:11:11","modified_gmt":"2025-05-26T22:11:11","slug":"un-jeune-homme-tue-par-balle-sur-un-point-de-deal-a-villeurbanne","status":"publish","type":"post","link":"https:\/\/www.europesays.com\/fr\/130292\/","title":{"rendered":"un jeune homme tu\u00e9 par balle sur un point de deal \u00e0 Villeurbanne"},"content":{"rendered":"<p>Le jeune homme, \u00e2g\u00e9 d\u2019une vingtaine d\u2019ann\u00e9es, \u00e9tait d\u00e9favorablement connu des services de police. Le ou les auteurs des tirs sont toujours en fuite.<\/p>\n<p class=\"fig-paragraph\">Un homme d&rsquo;une vingtaine d&rsquo;ann\u00e9es a \u00e9t\u00e9 tu\u00e9 par balle lundi soir \u00e0\u00a0<a href=\"https:\/\/www.lefigaro.fr\/tag\/villeurbanne\" target=\"_blank\" rel=\"noopener nofollow\" data-gtm-custom-categorie=\"navigation\" data-gtm-custom-action=\"crossclick\" data-gtm-custom-label=\"Contextuel\" data-gtm-event=\"customEventSPE\">Villeurbanne\u00a0<\/a>(Rh\u00f4ne), dans l&rsquo;agglom\u00e9ration lyonnaise, sur un point de deal, a-t-on appris de source proche du dossier. La fusillade s&rsquo;est produite peu avant 20h00 dans le quartier des Buers o\u00f9 un p\u00e9rim\u00e8tre de s\u00e9curit\u00e9 a \u00e9t\u00e9 aussit\u00f4t install\u00e9, \u00abavec la pr\u00e9sence notamment de CRS\u00bb.<\/p>\n<p class=\"fig-paragraph\">\u00abLe ou les auteurs des tirs est ou sont en fuite\u00bb, selon cette source, confirmant une information de BFM Lyon. La victime \u00e9tait \u00abd\u00e9favorablement connue des services de police\u00bb, a-t-on ajout\u00e9. Le nombre de coups de feu et le type d&rsquo;arme utilis\u00e9 n&rsquo;ont pas \u00e9t\u00e9 pr\u00e9cis\u00e9s.<\/p>\n<p class=\"fig-paragraph\">Courant avril, dans la m\u00eame commune, un jeune homme avait \u00e9t\u00e9 gri\u00e8vement bless\u00e9 \u00e9galement pr\u00e8s d&rsquo;un point de deal apr\u00e8s avoir re\u00e7u une \u00abvingtaine de coups de couteau\u00bb, selon une source polici\u00e8re \u00e0 l&rsquo;AFP. Connu de la justice, il avait \u00e9t\u00e9 agress\u00e9 dans le quartier du Tonkin, o\u00f9 de nombreux points de\u00a0<a href=\"http:\/\/www.lefigaro.fr\/lyon\/villeurbanne-la-nouvelle-brigade-de-police-anti-point-de-deal-va-arriver-au-tonkin-avant-la-fin-de-l-annee-20241120\" data-fig-type=\"NewsFlash\" data-gtm-custom-categorie=\"navigation\" data-gtm-custom-action=\"crossclick\" data-gtm-custom-label=\"Contextuel\" data-gtm-event=\"customEventSPE\" data-fig-domain=\"LEFIGARO\" rel=\"nofollow noopener\" target=\"_blank\">deal ont \u00e9t\u00e9 d\u00e9mantel\u00e9s<\/a>\u00a0ces derniers mois mais qui reste un haut-lieu du trafic de stup\u00e9fiants dans l&rsquo;agglom\u00e9ration lyonnaise. Fin novembre, un homme d&rsquo;une trentaine d&rsquo;ann\u00e9es avait \u00e9t\u00e9 tu\u00e9 par balle dans ce m\u00eame quartier \u00e0 Villeurbanne o\u00f9 plusieurs fusillades ont \u00e9clat\u00e9 en 2024.<\/p>\n","protected":false},"excerpt":{"rendered":"Le jeune homme, \u00e2g\u00e9 d\u2019une vingtaine d\u2019ann\u00e9es, \u00e9tait d\u00e9favorablement connu des services de police. Le ou les auteurs&hellip;\n","protected":false},"author":2,"featured_media":130293,"comment_status":"","ping_status":"","sticky":false,"template":"","format":"standard","meta":{"footnotes":""},"categories":[1889],"tags":[1111,11,5273,2430,5299,5272,5312,5296,5285,1777,674,5293,1011,27,5303,5311,5301,5279,5275,5313,5276,5300,5302,5280,5298,5281,5306,5305,5308,5309,5284,5294,5297,5269,5271,5268,5270,5267,2428,5295,5307,5277,5304,5283,12,978,5274,25,2431,5314,5288,5292,5289,5291,5290,5315,5282,5286,5310,5287,6345,5278],"class_list":{"0":"post-130292","1":"post","2":"type-post","3":"status-publish","4":"format-standard","5":"has-post-thumbnail","7":"category-lyon","8":"tag-actu","9":"tag-actualites","10":"tag-ainay","11":"tag-auvergne-rhone-alpes","12":"tag-bellecombe","13":"tag-bellecour","14":"tag-champvert-nord","15":"tag-champvert-sud","16":"tag-clos-jouve","17":"tag-eu","18":"tag-europe","19":"tag-fourviere","20":"tag-fr","21":"tag-france","22":"tag-gerland","23":"tag-gorge-de-loup","24":"tag-jean-mace","25":"tag-la-buire","26":"tag-la-confluence","27":"tag-la-duchere","28":"tag-la-guillotiere-nord-prefecture","29":"tag-la-guillotiere-sud","30":"tag-la-mouche","31":"tag-la-part-dieu","32":"tag-la-tete-dor","33":"tag-la-villette","34":"tag-laennec","35":"tag-le-bachut","36":"tag-le-grand-trou","37":"tag-le-moulin-a-vent","38":"tag-le-plateau-de-la-croix-rousse","39":"tag-le-point-du-jour","40":"tag-les-brotteaux","41":"tag-les-chartreux","42":"tag-les-cordeliers","43":"tag-les-pentes-de-la-croix-rousse","44":"tag-les-terreaux","45":"tag-les-traboules","46":"tag-lyon","47":"tag-menival","48":"tag-mermoz","49":"tag-moncey","50":"tag-monplaisir","51":"tag-montchat","52":"tag-news","53":"tag-olympique-lyonnais","54":"tag-perrache","55":"tag-republique-francaise","56":"tag-rhone-alpes","57":"tag-rochecardon-industrie","58":"tag-saint-georges","59":"tag-saint-irenee","60":"tag-saint-jean","61":"tag-saint-just","62":"tag-saint-paul","63":"tag-saint-rambert-lile-barbe","64":"tag-sans-souci-dauphine","65":"tag-serin-saint-charles","66":"tag-vaise","67":"tag-vieux-lyon","68":"tag-villeurbanne","69":"tag-voltaire"},"share_on_mastodon":{"url":"","error":"Validation failed: Text character limit of 500 exceeded"},"_links":{"self":[{"href":"https:\/\/www.europesays.com\/fr\/wp-json\/wp\/v2\/posts\/130292","targetHints":{"allow":["GET"]}}],"collection":[{"href":"https:\/\/www.europesays.com\/fr\/wp-json\/wp\/v2\/posts"}],"about":[{"href":"https:\/\/www.europesays.com\/fr\/wp-json\/wp\/v2\/types\/post"}],"author":[{"embeddable":true,"href":"https:\/\/www.europesays.com\/fr\/wp-json\/wp\/v2\/users\/2"}],"replies":[{"embeddable":true,"href":"https:\/\/www.europesays.com\/fr\/wp-json\/wp\/v2\/comments?post=130292"}],"version-history":[{"count":0,"href":"https:\/\/www.europesays.com\/fr\/wp-json\/wp\/v2\/posts\/130292\/revisions"}],"wp:featuredmedia":[{"embeddable":true,"href":"https:\/\/www.europesays.com\/fr\/wp-json\/wp\/v2\/media\/130293"}],"wp:attachment":[{"href":"https:\/\/www.europesays.com\/fr\/wp-json\/wp\/v2\/media?parent=130292"}],"wp:term":[{"taxonomy":"category","embeddable":true,"href":"https:\/\/www.europesays.com\/fr\/wp-json\/wp\/v2\/categories?post=130292"},{"taxonomy":"post_tag","embeddable":true,"href":"https:\/\/www.europesays.com\/fr\/wp-json\/wp\/v2\/tags?post=130292"}],"curies":[{"name":"wp","href":"https:\/\/api.w.org\/{rel}","templated":true}]}}