{"id":130298,"date":"2025-05-26T22:15:13","date_gmt":"2025-05-26T22:15:13","guid":{"rendered":"https:\/\/www.europesays.com\/fr\/130298\/"},"modified":"2025-05-26T22:15:13","modified_gmt":"2025-05-26T22:15:13","slug":"le-motard-de-la-brav-m-qui-a-roule-sur-un-manifestant-radie-de-la-police","status":"publish","type":"post","link":"https:\/\/www.europesays.com\/fr\/130298\/","title":{"rendered":"Le motard de la Brav-M qui a roul\u00e9 sur un manifestant radi\u00e9 de la police"},"content":{"rendered":"<p><strong>VIOLENCES &#8211; Deux agents de la Brav-M ont \u00e9t\u00e9 condamn\u00e9s \u00e0 des peines de prison avec sursis pour avoir percut\u00e9 \u00e0 moto et frapp\u00e9 un jeune homme lors d\u2019une manifestation contre la r\u00e9forme des retraites en\u00a02023<\/strong><\/p>\n<p>Le tribunal correctionnel de <a href=\"https:\/\/www.20minutes.fr\/paris\/?at_medium=RSS%20feed&amp;at_campaign=ynews&amp;utm_source=yahoo&amp;utm_medium=rss&amp;utm_campaign=news_feed&amp;utm_content=in_article_link\" rel=\"nofollow noopener\" target=\"_blank\" data-ylk=\"slk:Paris;elm:context_link;itc:0;sec:content-canvas\" class=\"link \">Paris<\/a> a condamn\u00e9, lundi, deux membres de la <a href=\"https:\/\/www.20minutes.fr\/societe\/brav\/?at_medium=RSS%20feed&amp;at_campaign=ynews&amp;utm_source=yahoo&amp;utm_medium=rss&amp;utm_campaign=news_feed&amp;utm_content=in_article_link\" rel=\"nofollow noopener\" target=\"_blank\" data-ylk=\"slk:Brav-M;elm:context_link;itc:0;sec:content-canvas\" class=\"link \">Brav-M<\/a> \u00e0 des peines de prison avec sursis pour avoir violemment interpell\u00e9 un jeune homme lors d\u2019un rassemblement contre la r\u00e9forme des retraites.<\/p>\n<p>Le conducteur de la <a href=\"https:\/\/www.20minutes.fr\/sport\/moto\/?at_medium=RSS%20feed&amp;at_campaign=ynews&amp;utm_source=yahoo&amp;utm_medium=rss&amp;utm_campaign=news_feed&amp;utm_content=in_article_link\" rel=\"nofollow noopener\" target=\"_blank\" data-ylk=\"slk:moto;elm:context_link;itc:0;sec:content-canvas\" class=\"link \">moto<\/a>, Vincent V., a \u00e9cop\u00e9 de douze mois de prison avec sursis. Il est \u00e9galement interdit \u00e0 vie d\u2019exercer en tant que policier ou gendarme et priv\u00e9 du port d\u2019armes pendant cinq ans. Le <a href=\"https:\/\/www.20minutes.fr\/dossier\/tribunal?at_medium=RSS%20feed&amp;at_campaign=ynews&amp;utm_source=yahoo&amp;utm_medium=rss&amp;utm_campaign=news_feed&amp;utm_content=in_article_link\" rel=\"nofollow noopener\" target=\"_blank\" data-ylk=\"slk:tribunal;elm:context_link;itc:0;sec:content-canvas\" class=\"link \">tribunal<\/a> a justifi\u00e9 la s\u00e9v\u00e9rit\u00e9 de la peine par \u00ab\u00a0la gravit\u00e9 des faits\u00a0\u00bb. Son passager, Mathias M., a \u00e9t\u00e9 condamn\u00e9 \u00e0 huit mois de prison avec sursis pour avoir port\u00e9 plusieurs coups volontaires. Le troisi\u00e8me agent mis en cause a \u00e9t\u00e9 relax\u00e9, le tribunal estimant que son coup de pied n\u2019\u00e9tait pas une violence volontaire.<\/p>\n<p>Des peines sup\u00e9rieures aux r\u00e9quisitions du parquet<\/p>\n<p>Les peines prononc\u00e9es vont au-del\u00e0 des r\u00e9quisitions du parquet. \u00ab\u00a0C\u2019est une d\u00e9cision que nous n\u2019acceptons pas\u00a0!\u00a0\u00bb, a r\u00e9agi Me J\u00e9r\u00f4me Spyridonos, avocat de Vincent V., annon\u00e7ant imm\u00e9diatement son intention de faire appel. Les faits remontent au 21\u00a0mars 2023, dans le XIIe arrondissement de Paris. Deux \u00e9quipages de la Brigade de r\u00e9pression de l\u2019action violente motoris\u00e9e (Brav-M) \u00e9taient mobilis\u00e9s apr\u00e8s des jets de projectiles.<\/p>\n<p>Un \u00e9tudiant de 19 ans, Valentin P., tentait de fuir les policiers \u00e0 moto. Il avait alors tr\u00e9buch\u00e9, avant d\u2019\u00eatre rattrap\u00e9 par les agents. Une vid\u00e9o amateur, massivement relay\u00e9e sur les r\u00e9seaux sociaux, ainsi que des images issues de la cam\u00e9ra pi\u00e9ton d\u2019un policier, montraient (&#8230;)<\/p>\n<p><a href=\"https:\/\/www.20minutes.fr\/justice\/4155562-20250526-paris-motard-brav-roule-manifestant-radie-police?at_medium=RSS%20feed&amp;at_campaign=ynews&amp;utm_source=yahoo&amp;utm_medium=rss&amp;utm_campaign=news_feed&amp;utm_content=read_more_link&quot;\" rel=\"nofollow noopener\" target=\"_blank\" data-ylk=\"slk:Lire la suite sur 20minutes;elm:context_link;itc:0;sec:content-canvas\" class=\"link \">Lire la suite sur 20minutes<\/a><\/p>\n<p>\u00c0 lire aussi :<br \/><a href=\"https:\/\/www.20minutes.fr\/paris\/4067238-20231218-enquete-ouverte-apres-deces-pieton-percute-motard-brav?at_medium=RSS%20feed&amp;at_campaign=ynews&amp;utm_source=yahoo&amp;utm_medium=rss&amp;utm_campaign=news_feed&amp;utm_content=related_content_link\" rel=\"nofollow noopener\" target=\"_blank\" data-ylk=\"slk:Enqu\u00eate ouverte apr\u00e8s le d\u00e9c\u00e8s d\u2019un pi\u00e9ton, percut\u00e9 par un motard de la Brav-M;elm:context_link;itc:0;sec:content-canvas\" class=\"link \">Enqu\u00eate ouverte apr\u00e8s le d\u00e9c\u00e8s d\u2019un pi\u00e9ton, percut\u00e9 par un motard de la Brav-M<\/a><br \/><a href=\"https:\/\/www.20minutes.fr\/justice\/4102727-20240723-paris-chef-brav-mis-examen-violences-volontaires-lors-manifestation?at_medium=RSS%20feed&amp;at_campaign=ynews&amp;utm_source=yahoo&amp;utm_medium=rss&amp;utm_campaign=news_feed&amp;utm_content=related_content_link\" rel=\"nofollow noopener\" target=\"_blank\" data-ylk=\"slk:Paris\u00a0: Le chef de la Brav-M mis en examen pour \u00ab\u00a0violences volontaires\u00a0\u00bb lors d\u2019une manifestation;elm:context_link;itc:0;sec:content-canvas\" class=\"link \">Paris\u00a0: Le chef de la Brav-M mis en examen pour \u00ab\u00a0violences volontaires\u00a0\u00bb lors d\u2019une manifestation<\/a><\/p>\n","protected":false},"excerpt":{"rendered":"VIOLENCES &#8211; Deux agents de la Brav-M ont \u00e9t\u00e9 condamn\u00e9s \u00e0 des peines de prison avec sursis pour&hellip;\n","protected":false},"author":2,"featured_media":130299,"comment_status":"","ping_status":"","sticky":false,"template":"","format":"standard","meta":{"footnotes":""},"categories":[1888],"tags":[1111,1928,11,1927,1777,674,1011,27,12,1926,626,1925,13454,11036,25,25463,25464,25462],"class_list":{"0":"post-130298","1":"post","2":"type-post","3":"status-publish","4":"format-standard","5":"has-post-thumbnail","7":"category-paris","8":"tag-actu","9":"tag-actu-paris","10":"tag-actualites","11":"tag-actualites-paris","12":"tag-eu","13":"tag-europe","14":"tag-fr","15":"tag-france","16":"tag-news","17":"tag-news-paris","18":"tag-paris","19":"tag-paris-news","20":"tag-prison-avec-sursis","21":"tag-reforme-des-retraites","22":"tag-republique-francaise","23":"tag-tribunal-correctionnel","24":"tag-vincent-v","25":"tag-xiie-arrondissement-de-paris"},"share_on_mastodon":{"url":"https:\/\/pubeurope.com\/@fr\/114576446251665604","error":""},"_links":{"self":[{"href":"https:\/\/www.europesays.com\/fr\/wp-json\/wp\/v2\/posts\/130298","targetHints":{"allow":["GET"]}}],"collection":[{"href":"https:\/\/www.europesays.com\/fr\/wp-json\/wp\/v2\/posts"}],"about":[{"href":"https:\/\/www.europesays.com\/fr\/wp-json\/wp\/v2\/types\/post"}],"author":[{"embeddable":true,"href":"https:\/\/www.europesays.com\/fr\/wp-json\/wp\/v2\/users\/2"}],"replies":[{"embeddable":true,"href":"https:\/\/www.europesays.com\/fr\/wp-json\/wp\/v2\/comments?post=130298"}],"version-history":[{"count":0,"href":"https:\/\/www.europesays.com\/fr\/wp-json\/wp\/v2\/posts\/130298\/revisions"}],"wp:featuredmedia":[{"embeddable":true,"href":"https:\/\/www.europesays.com\/fr\/wp-json\/wp\/v2\/media\/130299"}],"wp:attachment":[{"href":"https:\/\/www.europesays.com\/fr\/wp-json\/wp\/v2\/media?parent=130298"}],"wp:term":[{"taxonomy":"category","embeddable":true,"href":"https:\/\/www.europesays.com\/fr\/wp-json\/wp\/v2\/categories?post=130298"},{"taxonomy":"post_tag","embeddable":true,"href":"https:\/\/www.europesays.com\/fr\/wp-json\/wp\/v2\/tags?post=130298"}],"curies":[{"name":"wp","href":"https:\/\/api.w.org\/{rel}","templated":true}]}}