{"id":130300,"date":"2025-05-26T22:16:09","date_gmt":"2025-05-26T22:16:09","guid":{"rendered":"https:\/\/www.europesays.com\/fr\/130300\/"},"modified":"2025-05-26T22:16:09","modified_gmt":"2025-05-26T22:16:09","slug":"ivry-sur-seine-lappartement-servait-dentrepot-de-mortiers-dartifice","status":"publish","type":"post","link":"https:\/\/www.europesays.com\/fr\/130300\/","title":{"rendered":"Ivry-sur-Seine\u00a0: l\u2019appartement servait d\u2019entrep\u00f4t de mortiers d\u2019artifice"},"content":{"rendered":"<p class=\"paragraph text_align_left\">Or, dans la commune voisine d\u2019Ivry-sur-Seine, \u00e0 quelques centaines de m\u00e8tres du commissariat de Vitry, les policiers ont mis la main sur un stock impressionnant de mortiers d\u2019artifice dans un appartement de la rue Henri-Barbusse. Le suspect, plac\u00e9 en garde \u00e0 vue dans la foul\u00e9e a \u00e9t\u00e9 d\u00e9f\u00e9r\u00e9 \u00ab en vue d\u2019une comparution \u00e0 d\u00e9lai diff\u00e9r\u00e9 \u00bb, pr\u00e9cise le parquet de Cr\u00e9teil qui avait pris des r\u00e9quisitions de placement en d\u00e9tention provisoire. Il a finalement \u00e9t\u00e9 laiss\u00e9 libre sous contr\u00f4le judiciaire en attendant son proc\u00e8s renvoy\u00e9 au 9 juillet.<\/p>\n","protected":false},"excerpt":{"rendered":"Or, dans la commune voisine d\u2019Ivry-sur-Seine, \u00e0 quelques centaines de m\u00e8tres du commissariat de Vitry, les policiers ont&hellip;\n","protected":false},"author":2,"featured_media":130301,"comment_status":"","ping_status":"","sticky":false,"template":"","format":"standard","meta":{"footnotes":""},"categories":[1888],"tags":[11,459,1777,674,1011,27,1944,12,626,25,1125],"class_list":{"0":"post-130300","1":"post","2":"type-post","3":"status-publish","4":"format-standard","5":"has-post-thumbnail","7":"category-paris","8":"tag-actualites","9":"tag-departements-horsidfo","10":"tag-eu","11":"tag-europe","12":"tag-fr","13":"tag-france","14":"tag-ma-ville","15":"tag-news","16":"tag-paris","17":"tag-republique-francaise","18":"tag-val-de-marne"},"share_on_mastodon":{"url":"https:\/\/pubeurope.com\/@fr\/114576450167569485","error":""},"_links":{"self":[{"href":"https:\/\/www.europesays.com\/fr\/wp-json\/wp\/v2\/posts\/130300","targetHints":{"allow":["GET"]}}],"collection":[{"href":"https:\/\/www.europesays.com\/fr\/wp-json\/wp\/v2\/posts"}],"about":[{"href":"https:\/\/www.europesays.com\/fr\/wp-json\/wp\/v2\/types\/post"}],"author":[{"embeddable":true,"href":"https:\/\/www.europesays.com\/fr\/wp-json\/wp\/v2\/users\/2"}],"replies":[{"embeddable":true,"href":"https:\/\/www.europesays.com\/fr\/wp-json\/wp\/v2\/comments?post=130300"}],"version-history":[{"count":0,"href":"https:\/\/www.europesays.com\/fr\/wp-json\/wp\/v2\/posts\/130300\/revisions"}],"wp:featuredmedia":[{"embeddable":true,"href":"https:\/\/www.europesays.com\/fr\/wp-json\/wp\/v2\/media\/130301"}],"wp:attachment":[{"href":"https:\/\/www.europesays.com\/fr\/wp-json\/wp\/v2\/media?parent=130300"}],"wp:term":[{"taxonomy":"category","embeddable":true,"href":"https:\/\/www.europesays.com\/fr\/wp-json\/wp\/v2\/categories?post=130300"},{"taxonomy":"post_tag","embeddable":true,"href":"https:\/\/www.europesays.com\/fr\/wp-json\/wp\/v2\/tags?post=130300"}],"curies":[{"name":"wp","href":"https:\/\/api.w.org\/{rel}","templated":true}]}}