{"id":130302,"date":"2025-05-26T22:17:09","date_gmt":"2025-05-26T22:17:09","guid":{"rendered":"https:\/\/www.europesays.com\/fr\/130302\/"},"modified":"2025-05-26T22:17:09","modified_gmt":"2025-05-26T22:17:09","slug":"mercato-idrissa-gueye-de-retour-a-paris-cet-ete","status":"publish","type":"post","link":"https:\/\/www.europesays.com\/fr\/130302\/","title":{"rendered":"Mercato, Idrissa Gueye de retour \u00e0 Paris cet \u00e9t\u00e9 ?"},"content":{"rendered":"<p data-testid=\"article-teaser\">Ancien joueur du PSG, Idrissa Gueye pourrait faire son retour dans la capitale fran\u00e7aise cet \u00e9t\u00e9.<\/p>\n<p><a href=\"https:\/\/www.goal.com\/fr\/listes\/le-paris-fc-nouveau-locataire-du-parc-des-princes-apres-le-psg\/bltd3c9f186b4ce1bbd\" target=\"_self\" rel=\"noopener\">Alors que le Paris FC s&rsquo;appr\u00eate \u00e0 signer son retour en Ligue 1 apr\u00e8s 46 ans d&rsquo;absence, le club ambitionne un recrutement solide.<\/a> Dans ce contexte, le profil d\u2019Idrissa Gana Gueye, libre cet \u00e9t\u00e9, attise les convoitises. Exp\u00e9riment\u00e9, familier de l\u2019\u00e9lite fran\u00e7aise, et en fin de contrat \u00e0 Everton, l\u2019ancien milieu de terrain du PSG pourrait repr\u00e9senter une recrue de choix pour un projet ambitieux. Les signaux sont au vert, reste \u00e0 savoir si le joueur sera s\u00e9duit.<\/p>\n<p>L&rsquo;article continue ci-dessous<\/p>\n","protected":false},"excerpt":{"rendered":"Ancien joueur du PSG, Idrissa Gueye pourrait faire son retour dans la capitale fran\u00e7aise cet \u00e9t\u00e9. Alors que&hellip;\n","protected":false},"author":2,"featured_media":130303,"comment_status":"","ping_status":"","sticky":false,"template":"","format":"standard","meta":{"footnotes":""},"categories":[1888],"tags":[11,1777,674,13925,1011,27,25465,10317,66,447,1434,12,626,445,91,25361,70,25],"class_list":{"0":"post-130302","1":"post","2":"type-post","3":"status-publish","4":"format-standard","5":"has-post-thumbnail","7":"category-paris","8":"tag-actualites","9":"tag-eu","10":"tag-europe","11":"tag-everton","12":"tag-fr","13":"tag-france","14":"tag-i-gueye","15":"tag-inter","16":"tag-ligue-1","17":"tag-ligue-des-champions","18":"tag-mercato","19":"tag-news","20":"tag-paris","21":"tag-paris-fc","22":"tag-paris-saint-germain","23":"tag-paris-saint-germain-vs-inter","24":"tag-premier-league","25":"tag-republique-francaise"},"share_on_mastodon":{"url":"https:\/\/pubeurope.com\/@fr\/114576454210918775","error":""},"_links":{"self":[{"href":"https:\/\/www.europesays.com\/fr\/wp-json\/wp\/v2\/posts\/130302","targetHints":{"allow":["GET"]}}],"collection":[{"href":"https:\/\/www.europesays.com\/fr\/wp-json\/wp\/v2\/posts"}],"about":[{"href":"https:\/\/www.europesays.com\/fr\/wp-json\/wp\/v2\/types\/post"}],"author":[{"embeddable":true,"href":"https:\/\/www.europesays.com\/fr\/wp-json\/wp\/v2\/users\/2"}],"replies":[{"embeddable":true,"href":"https:\/\/www.europesays.com\/fr\/wp-json\/wp\/v2\/comments?post=130302"}],"version-history":[{"count":0,"href":"https:\/\/www.europesays.com\/fr\/wp-json\/wp\/v2\/posts\/130302\/revisions"}],"wp:featuredmedia":[{"embeddable":true,"href":"https:\/\/www.europesays.com\/fr\/wp-json\/wp\/v2\/media\/130303"}],"wp:attachment":[{"href":"https:\/\/www.europesays.com\/fr\/wp-json\/wp\/v2\/media?parent=130302"}],"wp:term":[{"taxonomy":"category","embeddable":true,"href":"https:\/\/www.europesays.com\/fr\/wp-json\/wp\/v2\/categories?post=130302"},{"taxonomy":"post_tag","embeddable":true,"href":"https:\/\/www.europesays.com\/fr\/wp-json\/wp\/v2\/tags?post=130302"}],"curies":[{"name":"wp","href":"https:\/\/api.w.org\/{rel}","templated":true}]}}