{"id":130304,"date":"2025-05-26T22:18:09","date_gmt":"2025-05-26T22:18:09","guid":{"rendered":"https:\/\/www.europesays.com\/fr\/130304\/"},"modified":"2025-05-26T22:18:09","modified_gmt":"2025-05-26T22:18:09","slug":"zoom-microsoft-poutine-menace-detrangler-les-entreprises-occidentales-encore-sur-son-sol","status":"publish","type":"post","link":"https:\/\/www.europesays.com\/fr\/130304\/","title":{"rendered":"Zoom, Microsoft\u2026 Poutine menace \u00ab\u00a0d\u2019\u00e9trangler\u00a0\u00bb les entreprises occidentales encore sur son sol"},"content":{"rendered":"<p><a href=\"https:\/\/www.20minutes.fr\/monde\/vladimir_poutine\/\" target=\"_blank\" class=\"color-ultramarine c-link\" rel=\"noopener\">Vladimir Poutine<\/a> a d\u00e9clar\u00e9 lundi vouloir \u00ab\u00a0\u00e9trangler\u00a0\u00bb les entreprises occidentales encore actives en <a href=\"https:\/\/www.20minutes.fr\/monde\/russie\/\" target=\"_blank\" class=\"color-ultramarine c-link\" rel=\"noopener\">Russie<\/a> si elles agissent contre les int\u00e9r\u00eats du pays, intensifiant la pression sur les groupes technologiques am\u00e9ricains tels que Zoom et <a href=\"https:\/\/www.20minutes.fr\/high-tech\/microsoft\/\" target=\"_blank\" class=\"color-ultramarine c-link\" rel=\"noopener\">Microsoft<\/a>.<\/p>\n<p>\u00ab\u00a0Nous devons les \u00e9trangler. Je suis compl\u00e8tement d\u2019accord, et je le dis sans h\u00e9sitation\u00a0\u00bb, a-t-il martel\u00e9 lors d\u2019une r\u00e9union avec des chefs d\u2019entreprise, en r\u00e9ponse \u00e0 l\u2019appel d\u2019un homme d\u2019affaires demandant des restrictions envers les g\u00e9ants du num\u00e9rique am\u00e9ricains, dont les services sont d\u00e9sormais limit\u00e9s sur le march\u00e9 russe. Depuis l\u2019invasion de l\u2019<a href=\"https:\/\/www.20minutes.fr\/monde\/ukraine\/\" target=\"_blank\" class=\"color-ultramarine c-link\" rel=\"noopener\">Ukraine<\/a>, de nombreuses entreprises \u00e9trang\u00e8res ont quitt\u00e9 la Russie ou ont fortement r\u00e9duit leurs op\u00e9rations.<\/p>\n<p>\u00ab\u00a0Ils essaient de nous \u00e9trangler\u00a0\u00bb<\/p>\n<p>Vladimir Poutine a toutefois estim\u00e9 que la Russie n\u2019avait pas \u00e9t\u00e9 \u00e0 l\u2019initiative de cette rupture. \u00ab\u00a0Nous n\u2019avons expuls\u00e9 personne\u2026 Nous avons offert les conditions les plus favorables pour qu\u2019ils travaillent sur notre march\u00e9, et eux, ils essaient de nous \u00e9trangler\u00a0\u00bb, a-t-il d\u00e9nonc\u00e9, appelant \u00e0 une r\u00e9ponse sym\u00e9trique. \u00ab\u00a0Nous devons r\u00e9pondre de la m\u00eame mani\u00e8re, refl\u00e9ter leurs actions.\u00a0\u00bb<\/p>\n<\/p>\n<p>Depuis le d\u00e9but du conflit, <a href=\"https:\/\/www.20minutes.fr\/monde\/moscou\/\" target=\"_blank\" class=\"color-ultramarine c-link\" rel=\"noopener\">Moscou<\/a> a mis en place des mesures restrictives pour compliquer le d\u00e9part des multinationales, contraignant celles qui souhaitent vendre leurs actifs \u00e0 le faire avec des d\u00e9cotes importantes. Une strat\u00e9gie qui vise \u00e0 pr\u00e9server l\u2019autonomie <a href=\"https:\/\/www.20minutes.fr\/dossier\/technologie\" target=\"_blank\" class=\"color-ultramarine c-link\" rel=\"noopener\">technologique<\/a> russe tout en laissant la porte entrouverte \u00e0 d\u2019\u00e9ventuelles alliances futures.<\/p>\n<p>Des entreprises am\u00e9ricaines voudraient revenir<\/p>\n<p>En avril, Kirill Dmitriev, patron du fonds souverain russe RDIF et proche du <a href=\"https:\/\/www.20minutes.fr\/dossier\/kremlin\" target=\"_blank\" class=\"color-ultramarine c-link\" rel=\"noopener\">Kremlin<\/a>, affirmait d\u2019ailleurs avoir re\u00e7u de nombreuses marques d\u2019int\u00e9r\u00eat d\u2019entreprises am\u00e9ricaines d\u00e9sireuses de revenir sur le march\u00e9 russe. Toutefois, aucune d\u2019entre elles n\u2019a officialis\u00e9 un tel projet jusqu\u2019\u00e0 pr\u00e9sent. Certaines avaient n\u00e9anmoins n\u00e9goci\u00e9 des clauses de rachat au moment de leur retrait, maintenant ainsi des options ouvertes en cas d\u2019\u00e9volution g\u00e9opolitique.<\/p>\n<p><a href=\"https:\/\/www.20minutes.fr\/monde\/russie\/\" target=\"_blank\" class=\"c-link c-btn c-btn--primary\" rel=\"noopener\">Notre dossier sur la Russie<\/a><\/p>\n<p>Mais pour celles qui ont rompu tout lien, comme McDonald\u2019s, le retour pourrait s\u2019av\u00e9rer particuli\u00e8rement difficile. \u00ab\u00a0Ils sont partis, et maintenant, s\u2019ils veulent revenir, sommes-nous cens\u00e9s leur d\u00e9rouler le tapis rouge\u00a0? Non, bien s\u00fbr que non\u00a0\u00bb, a pr\u00e9venu Vladimir Poutine, reprochant au g\u00e9ant am\u00e9ricain d\u2019avoir \u00ab\u00a0mis tout le monde dans une situation difficile\u00a0\u00bb.<\/p>\n","protected":false},"excerpt":{"rendered":"Vladimir Poutine a d\u00e9clar\u00e9 lundi vouloir \u00ab\u00a0\u00e9trangler\u00a0\u00bb les entreprises occidentales encore actives en Russie si elles agissent contre&hellip;\n","protected":false},"author":2,"featured_media":130305,"comment_status":"","ping_status":"","sticky":false,"template":"","format":"standard","meta":{"footnotes":""},"categories":[1591],"tags":[47,11,257,73,1887,679,1147,5533,74,12,1885,1886,132,717,135],"class_list":{"0":"post-130304","1":"post","2":"type-post","3":"status-publish","4":"format-standard","5":"has-post-thumbnail","7":"category-russie","8":"tag-actualite","9":"tag-actualites","10":"tag-entreprise","11":"tag-etats-unis","12":"tag-federation-de-russie","13":"tag-mcdonalds","14":"tag-menace","15":"tag-microsoft","16":"tag-monde","17":"tag-news","18":"tag-russia","19":"tag-russian-federation","20":"tag-russie","21":"tag-technologie","22":"tag-vladimir-poutine"},"share_on_mastodon":{"url":"https:\/\/pubeurope.com\/@fr\/114576457972878279","error":""},"_links":{"self":[{"href":"https:\/\/www.europesays.com\/fr\/wp-json\/wp\/v2\/posts\/130304","targetHints":{"allow":["GET"]}}],"collection":[{"href":"https:\/\/www.europesays.com\/fr\/wp-json\/wp\/v2\/posts"}],"about":[{"href":"https:\/\/www.europesays.com\/fr\/wp-json\/wp\/v2\/types\/post"}],"author":[{"embeddable":true,"href":"https:\/\/www.europesays.com\/fr\/wp-json\/wp\/v2\/users\/2"}],"replies":[{"embeddable":true,"href":"https:\/\/www.europesays.com\/fr\/wp-json\/wp\/v2\/comments?post=130304"}],"version-history":[{"count":0,"href":"https:\/\/www.europesays.com\/fr\/wp-json\/wp\/v2\/posts\/130304\/revisions"}],"wp:featuredmedia":[{"embeddable":true,"href":"https:\/\/www.europesays.com\/fr\/wp-json\/wp\/v2\/media\/130305"}],"wp:attachment":[{"href":"https:\/\/www.europesays.com\/fr\/wp-json\/wp\/v2\/media?parent=130304"}],"wp:term":[{"taxonomy":"category","embeddable":true,"href":"https:\/\/www.europesays.com\/fr\/wp-json\/wp\/v2\/categories?post=130304"},{"taxonomy":"post_tag","embeddable":true,"href":"https:\/\/www.europesays.com\/fr\/wp-json\/wp\/v2\/tags?post=130304"}],"curies":[{"name":"wp","href":"https:\/\/api.w.org\/{rel}","templated":true}]}}