{"id":130308,"date":"2025-05-26T22:20:09","date_gmt":"2025-05-26T22:20:09","guid":{"rendered":"https:\/\/www.europesays.com\/fr\/130308\/"},"modified":"2025-05-26T22:20:09","modified_gmt":"2025-05-26T22:20:09","slug":"cette-ministre-se-rejouit-des-chiffres-du-tourisme-en-france-et-remercie-donald-trump-pour-ca","status":"publish","type":"post","link":"https:\/\/www.europesays.com\/fr\/130308\/","title":{"rendered":"Cette ministre se r\u00e9jouit des chiffres du tourisme en France (et remercie Donald Trump pour \u00e7a)"},"content":{"rendered":"<p>        <img decoding=\"async\" loading=\"lazy\" src=\"https:\/\/www.europesays.com\/fr\/wp-content\/uploads\/2025\/05\/d8025f4_sirius-fs-upload-1-fjnl0ssqusu0-1748293412482-000-48844kj.jpg\"  width=\"728\" height=\"409\" alt=\"La ministre du Tourisme, Nathalie Delattre, et le ministre fran\u00e7ais de l\u2019Action publique, Laurent Marcangeli, en Corse, ce lundi 26\u00a0mai.\"\/>  <\/p>\n<p>PASCAL POCHARD-CASABIANCA \/ AFP<\/p>\n<p>La ministre du Tourisme, Nathalie Delattre, et le ministre fran\u00e7ais de l\u2019Action publique, Laurent Marcangeli, en Corse, ce lundi 26\u00a0mai.<\/p>\n<p class=\"asset asset-text\">POLITIQUE &#8211; Elle voit un aspect positif \u00e0 son retour \u00e0 la Maison Blanche. Le tourisme fran\u00e7ais \u00ab\u00a0se porte bien\u00a0\u00bb et b\u00e9n\u00e9ficie d\u2019une \u00ab\u00a0man\u0153uvre d\u2019\u00e9vitement des \u00c9tats-Unis\u00a0\u00bb de<a href=\"https:\/\/www.huffingtonpost.fr\/international\/article\/poutine-est-devenu-fou-tacle-trump-apres-le-plus-gros-raid-russe-en-ukraine_250508.html\" rel=\"nofollow noopener\" target=\"_blank\"> Donald Trump <\/a>par certains voyageurs, s\u2019est f\u00e9licit\u00e9 la <a href=\"https:\/\/www.huffingtonpost.fr\/politique\/article\/avant-les-jo-de-paris-olivia-gregoire-la-ministre-du-tourisme-en-visite-strategique-aux-etats-unis_233849.html\" rel=\"nofollow noopener\" target=\"_blank\">ministre du Tourisme<\/a>\u00a0Nathalie\u00a0Delattre, ce lundi 26\u00a0mai.<\/p>\n<p class=\"asset asset-text\">En visite en Corse pendant deux jours, la ministre a salu\u00e9 l\u2019arriv\u00e9e de \u00ab\u00a0touristes \u00e9mergents\u00a0\u00bb, venant notamment du Br\u00e9sil, du Japon et du Canada.<\/p>\n<p class=\"asset asset-text\">Assurant que \u00ab\u00a0les touristes am\u00e9ricains c\u2019est important pour la France\u00a0\u00bb, parce qu\u2019ils repr\u00e9sentent \u00ab\u00a05\u00a0% des touristes, mais 10\u00a0% des recettes\u00a0\u00bb, elle a pr\u00e9cis\u00e9 voir \u00ab\u00a0arriver 30\u00a0% de plus de touristes canadiens et de touristes japonais, parce qu\u2019ils ne souhaitent pas aujourd\u2019hui visiter les \u00c9tats-Unis de Trump\u00a0\u00bb.<\/p>\n<p>    \u00ab\u00a0Le pays report\u00a0\u00bb    <\/p>\n<p class=\"asset asset-text\">\u00ab\u00a0Ils attendent la suite de Trump pour visiter les \u00c9tats-Unis, eh bien nous en sommes tr\u00e8s contents parce que nous sommes effectivement le pays report de plusieurs pays et nous allons pouvoir leur d\u00e9montrer l\u2019hospitalit\u00e9 \u00e0 la fran\u00e7aise\u00a0\u00bb, a-t-elle d\u00e9clar\u00e9 lundi lors d\u2019un point presse dans la citadelle d\u2019Ajaccio.<\/p>\n<p class=\"asset asset-text\">Assurant que \u00ab\u00a0les r\u00e9servations estivales s\u2019annoncent tr\u00e8s bonnes\u00a0\u00bb, Nathalie\u00a0Delattre\u00a0a estim\u00e9 que la France \u00ab\u00a0pouvait esp\u00e9rer battre encore un record en 2025, alors que nous n\u2019avons pas de grands \u00e9v\u00e9nements\u00a0\u00bb, apr\u00e8s les 100\u00a0millions de visiteurs en 2024, ann\u00e9e olympique, un \u00ab\u00a0chiffre record\u00a0\u00bb en hausse de 12\u00a0% par rapport \u00e0 2023.<\/p>\n<p class=\"asset asset-text\">La ministre a salu\u00e9 l\u2019\u00ab\u00a0\u00e9conomie touristique, qui soutient pour grande partie l\u2019\u00e9conomie de la France\u00a0\u00bb en repr\u00e9sentant \u00ab\u00a08\u00a0% de notre richesse nationale\u00a0\u00bb, \u00ab\u00a015\u00a0milliards dans notre balance commerciale\u00a0\u00bb et \u00ab\u00a0deux millions d\u2019emplois\u00a0\u00bb.<\/p>\n<p class=\"asset asset-text\">Qualifiant la Corse de \u00ab\u00a0territoire p\u00e9pite de nos sites touristiques\u00a0\u00bb, elle a indiqu\u00e9 que l\u2019\u00eele m\u00e9diterran\u00e9enne accueillait \u00ab\u00a0plus de trois millions de visiteurs\u00a0\u00bb avec \u00ab\u00a03,4\u00a0milliards d\u2019euros de recettes\u00a0\u00bb, soulignant que cette \u00ab\u00a0richesse apport\u00e9e sur ce territoire\u00a0\u00bb pesait \u00ab\u00a0cinq fois plus qu\u2019au niveau national\u00a0\u00bb, preuve de \u00ab\u00a0l\u2019importance du tourisme\u00a0\u00bb pour l\u2019\u00eele de Beaut\u00e9.<\/p>\n<p class=\"asset asset-text\">Dans l\u2019\u00eele, elle souhaite \u00ab\u00a0mettre en avant l\u2019\u0153notourisme\u00a0\u00bb, \u00ab\u00a0tr\u00e8s demand\u00e9 par l\u2019ensemble de nos touristes \u00e9trangers\u00a0\u00bb. La d\u00e9couverte des r\u00e9gions viticoles a connu \u00ab\u00a0une croissance de 20\u00a0% sur les huit derni\u00e8res ann\u00e9es avec 12\u00a0millions d\u2019\u0153notourismes\u00a0\u00bb par an en France.<\/p>\n<p class=\"asset asset-text\">\u00ab\u00a0Nous devons faire preuve d\u2019agressivit\u00e9 commerciale\u00a0\u00bb, a insist\u00e9 la ministre, assurant que la France va devoir \u00ab\u00a0s\u2019accrocher pour rester la premi\u00e8re destination mondiale\u00a0\u00bb. Parmi \u00ab\u00a0les d\u00e9fis \u00e0 relever\u00a0\u00bb, elle a point\u00e9 le manque de saisonniers, les conflits d\u2019usage entre les logements p\u00e9rennes et les logements saisonniers et la qu\u00eate d\u2019investisseurs en p\u00e9riode de \u00ab\u00a0rigueur budg\u00e9taire\u00a0\u00bb.<\/p>\n<p class=\"asset asset-text\"><strong>\u00c0 voir \u00e9galement sur Le HuffPost\u00a0:<\/strong><\/p>\n<p> La lecture de ce contenu est susceptible d\u2019entra\u00eener un d\u00e9p\u00f4t de cookies de la part de l\u2019op\u00e9rateur tiers qui l\u2019h\u00e9berge. Compte-tenu des choix que vous avez exprim\u00e9s en mati\u00e8re de d\u00e9p\u00f4t de cookies, nous avons bloqu\u00e9 l\u2019affichage de ce contenu. Si vous souhaitez y acc\u00e9der, vous devez accepter la cat\u00e9gorie de cookies \u201cContenus tiers\u201d en cliquant sur le bouton ci-dessous. <\/p>\n<p> Lire la Vid\u00e9o                    <\/p>\n","protected":false},"excerpt":{"rendered":"PASCAL POCHARD-CASABIANCA \/ AFP La ministre du Tourisme, Nathalie Delattre, et le ministre fran\u00e7ais de l\u2019Action publique, Laurent&hellip;\n","protected":false},"author":2,"featured_media":130309,"comment_status":"","ping_status":"","sticky":false,"template":"","format":"standard","meta":{"footnotes":""},"categories":[1589],"tags":[11,75,73,1866,14,12,316,602,1864,1865,1863,308],"class_list":{"0":"post-130308","1":"post","2":"type-post","3":"status-publish","4":"format-standard","5":"has-post-thumbnail","7":"category-etats-unis","8":"tag-actualites","9":"tag-donald-trump","10":"tag-etats-unis","11":"tag-etats-unis-damerique","12":"tag-international","13":"tag-news","14":"tag-politique","15":"tag-tourisme","16":"tag-united-states","17":"tag-united-states-of-america","18":"tag-us","19":"tag-usa"},"share_on_mastodon":{"url":"https:\/\/pubeurope.com\/@fr\/114576466182436837","error":""},"_links":{"self":[{"href":"https:\/\/www.europesays.com\/fr\/wp-json\/wp\/v2\/posts\/130308","targetHints":{"allow":["GET"]}}],"collection":[{"href":"https:\/\/www.europesays.com\/fr\/wp-json\/wp\/v2\/posts"}],"about":[{"href":"https:\/\/www.europesays.com\/fr\/wp-json\/wp\/v2\/types\/post"}],"author":[{"embeddable":true,"href":"https:\/\/www.europesays.com\/fr\/wp-json\/wp\/v2\/users\/2"}],"replies":[{"embeddable":true,"href":"https:\/\/www.europesays.com\/fr\/wp-json\/wp\/v2\/comments?post=130308"}],"version-history":[{"count":0,"href":"https:\/\/www.europesays.com\/fr\/wp-json\/wp\/v2\/posts\/130308\/revisions"}],"wp:featuredmedia":[{"embeddable":true,"href":"https:\/\/www.europesays.com\/fr\/wp-json\/wp\/v2\/media\/130309"}],"wp:attachment":[{"href":"https:\/\/www.europesays.com\/fr\/wp-json\/wp\/v2\/media?parent=130308"}],"wp:term":[{"taxonomy":"category","embeddable":true,"href":"https:\/\/www.europesays.com\/fr\/wp-json\/wp\/v2\/categories?post=130308"},{"taxonomy":"post_tag","embeddable":true,"href":"https:\/\/www.europesays.com\/fr\/wp-json\/wp\/v2\/tags?post=130308"}],"curies":[{"name":"wp","href":"https:\/\/api.w.org\/{rel}","templated":true}]}}