{"id":130312,"date":"2025-05-26T22:22:10","date_gmt":"2025-05-26T22:22:10","guid":{"rendered":"https:\/\/www.europesays.com\/fr\/130312\/"},"modified":"2025-05-26T22:22:10","modified_gmt":"2025-05-26T22:22:10","slug":"un-couple-depense-20-000-euros-pour-retrouver-son-chat","status":"publish","type":"post","link":"https:\/\/www.europesays.com\/fr\/130312\/","title":{"rendered":"un couple d\u00e9pense 20.000 euros pour retrouver son chat"},"content":{"rendered":"<p class=\"article-p mdl\">Rafal et Monika Klajnszmit en sont persuad\u00e9s, leur chat Nero est toujours vivant. En juillet 2024, ce couple d&rsquo;Allemands se rendait au lac Chiemsee, en Bavi\u00e8re, depuis leur domicile d&rsquo;Eschwege, dans l&rsquo;ouest de l&rsquo;Allemagne. Mais, <strong>en faisant escale dans la ville d\u2019Erlangen, leur animal a disparu<\/strong>.<\/p>\n<p class=\"article-p mdl\">Depuis, comme le rapporte\u00a0<a class=\"link\" href=\"https:\/\/www.bild.de\/regional\/bayern\/kater-seit-10-monaten-vermisst-suche-nach-katze-kostet-zehntausende-euro-681f60d10daee93e56272edb\" target=\"_blank\" rel=\"nofollow noopener\">Bild<\/a>, Rafal et Monika font tout pour le retrouver. <strong>Chaque week-end, ils parcourent pr\u00e8s de 500 kilom\u00e8tres<\/strong> pour se rendre \u00e0 Erlangen, o\u00f9 ils collent des photos et font du porte-\u00e0-porte. De plus, ils ont install\u00e9 des appareils photos particuliers capables d\u2019envoyer des alertes sur leur t\u00e9l\u00e9phone en cas de mouvements et des gamelles remplis de thon.<\/p>\n<p class=\"article-p mdl\">Entre les d\u00e9placements, le logement et la nourriture. Ils ont ainsi d\u00e9pens\u00e9 pr\u00e8s de <strong>20.000 euros de frais<\/strong>. Mais pour Rafal,\u00a0\u00ab\u00a0c\u2019est un ami et un membre de la famille. Et on n\u2019abandonne pas ses amis (&#8230;) Je n\u2019abandonne pas. Je sais qu\u2019il est toujours en vie.\u00a0\u00bb<\/p>\n<p class=\"article-p mdl\">Le\u00a0<a class=\"link\" href=\"https:\/\/www.rtl.fr\/culture\/culture-generale\/chats-leur-couleur-influence-t-elle-vraiment-leur-caractere-7900494985\" title=\"Chats : leur couleur influence-t-elle vraiment leur caract\u00e8re ?\" target=\"_blank\" rel=\"nofollow noopener\">chat<\/a>\u00a0noir aux yeux vert est puc\u00e9, ce qui fait dire \u00e0 leur propri\u00e9taire qu&rsquo;il est toujours en vie. \u00ab\u00a0Les v\u00e9t\u00e9rinaires et le service d\u2019entretien des autoroutes affirment que lorsqu\u2019un animal mort est retrouv\u00e9, la puce est lue\u00a0\u00bb, explique-t-il encore. <strong>Une page Facebook a \u00e9t\u00e9 cr\u00e9\u00e9e et rassemble pr\u00e8s de 5.000 personnes<\/strong> dans le but de retrouver Nero.<\/p>\n<p>    La r\u00e9daction vous recommande<\/p>\n<p class=\"s-newsletter__title\">\n                L\u2019actualit\u00e9 par la r\u00e9daction de RTL dans votre bo\u00eete mail.\n            <\/p>\n<p class=\"s-newsletter__subtitle\">\n                Gr\u00e2ce \u00e0 votre compte RTL abonnez-vous \u00e0 la newsletter RTL info pour suivre toute l&rsquo;actualit\u00e9 au quotidien\n            <\/p>\n<p>\n                                    Lire la suite\n                                <\/p>\n","protected":false},"excerpt":{"rendered":"Rafal et Monika Klajnszmit en sont persuad\u00e9s, leur chat Nero est toujours vivant. En juillet 2024, ce couple&hellip;\n","protected":false},"author":2,"featured_media":130313,"comment_status":"","ping_status":"","sticky":false,"template":"","format":"standard","meta":{"footnotes":""},"categories":[1587],"tags":[11,672,1261,1804,7654,1805,1803,1777,674,107,1801,12,1802],"class_list":{"0":"post-130312","1":"post","2":"type-post","3":"status-publish","4":"format-standard","5":"has-post-thumbnail","7":"category-allemagne","8":"tag-actualites","9":"tag-allemagne","10":"tag-argent","11":"tag-bundesrepublik-deutschland","12":"tag-chat","13":"tag-de","14":"tag-deutschland","15":"tag-eu","16":"tag-europe","17":"tag-fil-info","18":"tag-germany","19":"tag-news","20":"tag-republique-federale-dallemagne"},"share_on_mastodon":{"url":"https:\/\/pubeurope.com\/@fr\/114576473622985523","error":""},"_links":{"self":[{"href":"https:\/\/www.europesays.com\/fr\/wp-json\/wp\/v2\/posts\/130312","targetHints":{"allow":["GET"]}}],"collection":[{"href":"https:\/\/www.europesays.com\/fr\/wp-json\/wp\/v2\/posts"}],"about":[{"href":"https:\/\/www.europesays.com\/fr\/wp-json\/wp\/v2\/types\/post"}],"author":[{"embeddable":true,"href":"https:\/\/www.europesays.com\/fr\/wp-json\/wp\/v2\/users\/2"}],"replies":[{"embeddable":true,"href":"https:\/\/www.europesays.com\/fr\/wp-json\/wp\/v2\/comments?post=130312"}],"version-history":[{"count":0,"href":"https:\/\/www.europesays.com\/fr\/wp-json\/wp\/v2\/posts\/130312\/revisions"}],"wp:featuredmedia":[{"embeddable":true,"href":"https:\/\/www.europesays.com\/fr\/wp-json\/wp\/v2\/media\/130313"}],"wp:attachment":[{"href":"https:\/\/www.europesays.com\/fr\/wp-json\/wp\/v2\/media?parent=130312"}],"wp:term":[{"taxonomy":"category","embeddable":true,"href":"https:\/\/www.europesays.com\/fr\/wp-json\/wp\/v2\/categories?post=130312"},{"taxonomy":"post_tag","embeddable":true,"href":"https:\/\/www.europesays.com\/fr\/wp-json\/wp\/v2\/tags?post=130312"}],"curies":[{"name":"wp","href":"https:\/\/api.w.org\/{rel}","templated":true}]}}