{"id":130337,"date":"2025-05-26T22:37:11","date_gmt":"2025-05-26T22:37:11","guid":{"rendered":"https:\/\/www.europesays.com\/fr\/130337\/"},"modified":"2025-05-26T22:37:11","modified_gmt":"2025-05-26T22:37:11","slug":"geraldine-maillet-decue-de-ne-pas-avoir-vu-cyril-hanouna-en-vacances-lanimateur-se-justifie-sur-ses-activites","status":"publish","type":"post","link":"https:\/\/www.europesays.com\/fr\/130337\/","title":{"rendered":"G\u00e9raldine Maillet d\u00e9\u00e7ue de ne pas avoir vu Cyril Hanouna en vacances, l&rsquo;animateur se justifie sur ses activit\u00e9s"},"content":{"rendered":"<p>Ce lundi 26 mai, au micro d&rsquo;On marche sur la t\u00eate sur Europe 1, G\u00e9raldine Maillet est revenue sur son s\u00e9jour \u00e0 Marrakech. Elle a notamment exprim\u00e9 sa d\u00e9ception de ne pas avoir \u00e9t\u00e9 pr\u00e9venue de la pr\u00e9sence de Cyril Hanouna. <\/p>\n<p>Du lundi au vendredi, les auditeurs d&rsquo;Europe 1 peuvent retrouver <a href=\"https:\/\/www.programme-tv.net\/news\/people\/379467-je-n-ai-pas-de-fiancee-pour-l-instant-cyril-hanouna-fait-une-mise-au-point-sur-sa-vie-amoureuse\/\" data-api-deeplink=\"teleloisirs:\/\/news\/379467\" target=\"_blank\" rel=\"noopener\">Cyril Hanouna<\/a> et sa bande dans On marche sur la t\u00eate. Ce lundi 26 mai, l&rsquo;animateur \u00e9tait entour\u00e9 de <a href=\"https:\/\/www.programme-tv.net\/news\/tv\/378801-tout-beau-tout-9-cyril-hanouna-devoile-le-nom-des-premiers-chroniqueurs-de-sa-nouvelle-emission-sur-w9\/\" data-api-deeplink=\"teleloisirs:\/\/news\/378801\" target=\"_blank\" rel=\"noopener\">Val\u00e9rie Bena\u00efm, qui devrait le rejoindre \u00e0 la rentr\u00e9e sur W9<\/a>, de G\u00e9raldine Maillet, d&rsquo;Olivier Dartigolles et de Gauthier Le Bret.<a href=\"https:\/\/www.programme-tv.net\/news\/people\/379467-je-n-ai-pas-de-fiancee-pour-l-instant-cyril-hanouna-fait-une-mise-au-point-sur-sa-vie-amoureuse\/\" data-api-deeplink=\"teleloisirs:\/\/news\/379467\" target=\"_blank\" rel=\"noopener\"> <\/a>\u00c0 la rentr\u00e9e prochaine, il sera de retour \u00e0 la t\u00e9l\u00e9 avec l&rsquo;\u00e9mission Tout beau, tout 9 qu&rsquo;il animera sur W9. De retour de week-end, Cyril Hanouna a confi\u00e9 avoir pass\u00e9 un jour et demi \u00e0 Marrakech, au m\u00eame moment que G\u00e9raldine Maillet.<\/p>\n<p>G\u00e9raldine Maillet raconte son s\u00e9jour au Maroc et exprime sa d\u00e9ception de ne pas avoir vu Cyril Hanouna<\/p>\n<p>Au d\u00e9but de son \u00e9mission, Cyril Hanouna a pr\u00e9sent\u00e9 G\u00e9raldine Maillet en expliquant que son absence sur Europe 1, la semaine derni\u00e8re, est due au fait qu&rsquo;elle se trouvait au Maroc. \u00ab\u00a0J&rsquo;ai appris que vous y \u00e9tiez aussi (&#8230;) Donc vous vous savez que je suis \u00e0 Marrakech, vous allez \u00e0 Marrakech et voil\u00e0\u2026\u00a0\u00bb, a-t-elle lanc\u00e9. \u00ab\u00a0J&rsquo;ai pas cherch\u00e9 \u00e0 vous voir parce que je voulais pas vous d\u00e9ranger\u00a0\u00bb, a alors exprim\u00e9 Cyril Hanouna. Une excuse qui n&rsquo;a pas sembl\u00e9 convaincre G\u00e9raldine Maillet. <b>\u00ab\u00a0Ok pas me voir, je comprends tr\u00e8s bien, apr\u00e8s tout, vous ne pouvez pas me saquer, mais est-ce que vous ne pouviez pas m&rsquo;envoyer un petit message amical\u00a0\u00bb<\/b><b>,<\/b> a-t-elle une nouvelle fois d\u00e9clar\u00e9 avant d&rsquo;indiquer que <a href=\"https:\/\/www.programme-tv.net\/news\/people\/378117-une-main-explosee-benjamin-castaldi-victime-d-un-accident-d-helicoptere-radiocommande-il-devoile-sa-blessure-sanguinolente-et-fait-une-mise-en-garde\/\" data-api-deeplink=\"teleloisirs:\/\/news\/378117\" target=\"_blank\" rel=\"noopener\">Benjamin Castaldi <\/a>se trouvait \u00e9galement \u00e0 Marrakech. \u00ab\u00a0Vous avez averti Benjamin, vous avez \u00e9t\u00e9 vu par tout le monde et moi, vous m&rsquo;avez rien dit\u00a0\u00bb, a ajout\u00e9 la compagne <a href=\"https:\/\/www.programme-tv.net\/news\/people\/348638-c-est-quand-meme-important-geraldine-prete-a-epouser-daniel-riolo-elle-revele-etre-pacsee-avec-le-journaliste-sportif\/\" data-api-deeplink=\"teleloisirs:\/\/news\/348638\" target=\"_blank\" rel=\"noopener\">du journaliste sportif Daniel Riolo<\/a>.<\/p>\n<p>                        <b>G\u00e9raldine Maillet revient sur le tournoi de poker qu&rsquo;elle a gagn\u00e9 \u00e0 Marrakech<\/b><\/p>\n<p>\u00ab\u00a0Je voulais pas vous d\u00e9ranger. J&rsquo;\u00e9tais avec un ami, on a \u00e9t\u00e9 jou\u00e9 au casino, petite balade en chameau (&#8230;). C&rsquo;est fou, on \u00e9tait qu&rsquo;\u00e0 quelques m\u00e8tres et pourtant on ne s&rsquo;est pas vu. (&#8230;) \u00c7a aurait \u00e9t\u00e9 avec plaisir si vous m&rsquo;aviez appel\u00e9\u00a0\u00bb, a d\u00e9clar\u00e9 Cyril Hanouna avec humour avant d&rsquo;ajouter : \u00ab\u00a0J&rsquo;avais envie qu&rsquo;on se croise par surprise, comme \u00e7a on est encore plus content de se voir\u00a0\u00bb. <a href=\"https:\/\/www.programme-tv.net\/news\/people\/379556-cyril-hanouna-fait-une-gaffe-et-revele-que-son-chroniqueur-gauthier-le-bret-va-devenir-papa-pour-la-premiere-fois-video\/\" data-api-deeplink=\"teleloisirs:\/\/news\/379556\" target=\"_blank\" rel=\"noopener\">L&rsquo;animateur qui rejoint W9 \u00e0 la rentr\u00e9e<\/a> a ensuite expliqu\u00e9 que G\u00e9raldine Maillet a remport\u00e9 un tournoi de poker lors de son s\u00e9jour. \u00ab\u00a0J&rsquo;ai gagn\u00e9 un billet d&rsquo;avion, j&rsquo;ai gagn\u00e9 l&rsquo;h\u00f4tel\u00a0\u00bb, a confi\u00e9 l&rsquo;ancienne chroniqueuse de <a href=\"https:\/\/www.programme-tv.net\/news\/tv\/379475-comme-un-ami-disait-nabilla-cite-un-chroniqueur-emblematique-dans-tpmp-dans-une-sequence-surrealiste-dans-c-a-vous\/\" data-api-deeplink=\"teleloisirs:\/\/news\/379475\" target=\"_blank\" rel=\"noopener\">Touche pas \u00e0 mon poste sur C8<\/a>. Et ce n&rsquo;est pas tout, elle souhaite d\u00e9sormais se rendre \u00e0 Las Vegas pour un prochain tournoi. \u00ab\u00a0Je viendrai avec vous\u00a0\u00bb, a conclu Cyril Hanouna.<\/p>\n","protected":false},"excerpt":{"rendered":"Ce lundi 26 mai, au micro d&rsquo;On marche sur la t\u00eate sur Europe 1, G\u00e9raldine Maillet est revenue&hellip;\n","protected":false},"author":2,"featured_media":130338,"comment_status":"","ping_status":"","sticky":false,"template":"","format":"standard","meta":{"footnotes":""},"categories":[1359],"tags":[244,1083,58,59,1473,1011,27,22013,973,1421],"class_list":{"0":"post-130337","1":"post","2":"type-post","3":"status-publish","4":"format-standard","5":"has-post-thumbnail","7":"category-people","8":"tag-commentaire","9":"tag-cyril-hanouna","10":"tag-divertissement","11":"tag-entertainment","12":"tag-europe-1","13":"tag-fr","14":"tag-france","15":"tag-gu00e9raldine-maillet","16":"tag-people","17":"tag-zap"},"share_on_mastodon":{"url":"https:\/\/pubeurope.com\/@fr\/114576532756493186","error":""},"_links":{"self":[{"href":"https:\/\/www.europesays.com\/fr\/wp-json\/wp\/v2\/posts\/130337","targetHints":{"allow":["GET"]}}],"collection":[{"href":"https:\/\/www.europesays.com\/fr\/wp-json\/wp\/v2\/posts"}],"about":[{"href":"https:\/\/www.europesays.com\/fr\/wp-json\/wp\/v2\/types\/post"}],"author":[{"embeddable":true,"href":"https:\/\/www.europesays.com\/fr\/wp-json\/wp\/v2\/users\/2"}],"replies":[{"embeddable":true,"href":"https:\/\/www.europesays.com\/fr\/wp-json\/wp\/v2\/comments?post=130337"}],"version-history":[{"count":0,"href":"https:\/\/www.europesays.com\/fr\/wp-json\/wp\/v2\/posts\/130337\/revisions"}],"wp:featuredmedia":[{"embeddable":true,"href":"https:\/\/www.europesays.com\/fr\/wp-json\/wp\/v2\/media\/130338"}],"wp:attachment":[{"href":"https:\/\/www.europesays.com\/fr\/wp-json\/wp\/v2\/media?parent=130337"}],"wp:term":[{"taxonomy":"category","embeddable":true,"href":"https:\/\/www.europesays.com\/fr\/wp-json\/wp\/v2\/categories?post=130337"},{"taxonomy":"post_tag","embeddable":true,"href":"https:\/\/www.europesays.com\/fr\/wp-json\/wp\/v2\/tags?post=130337"}],"curies":[{"name":"wp","href":"https:\/\/api.w.org\/{rel}","templated":true}]}}