{"id":130343,"date":"2025-05-26T22:40:08","date_gmt":"2025-05-26T22:40:08","guid":{"rendered":"https:\/\/www.europesays.com\/fr\/130343\/"},"modified":"2025-05-26T22:40:08","modified_gmt":"2025-05-26T22:40:08","slug":"un-voyage-de-24h-a-new-york-pour-coralie-et-bruno-et-un-bilan-carbone-desastreux","status":"publish","type":"post","link":"https:\/\/www.europesays.com\/fr\/130343\/","title":{"rendered":"un voyage de 24h \u00e0 New-York pour Coralie et Bruno\u2026 et un bilan carbone d\u00e9sastreux"},"content":{"rendered":"<p>            Par<br \/>\n        <strong><br \/>\n            <a href=\"https:\/\/actu.fr\/auteur\/chloe-berry\" title=\"Consulter tous les articles de Chlo\u00e9 Berry\" target=\"_blank\" rel=\"noopener\">Chlo\u00e9 Berry<\/a><br \/>\n        <\/strong><\/p>\n<p>        Publi\u00e9 le<\/p>\n<p>            26 mai 2025 \u00e0 21h48        <\/p>\n<p>\u00ab\u2009Un jour, j\u2019irais \u00e0 <strong>New-York<\/strong> avec toi, toutes les nuits d\u00e9conner.\u2009\u00bb Si T\u00e9l\u00e9phone le chante, ce n\u2019\u00e9tait pas forc\u00e9ment pour donner des id\u00e9es aux fans. Et pourtant, certains ont pris la chanson culte au pied de la lettre.<\/p>\n<p class=\" wall-content\">C\u2019est le cas de <strong>Coralie et Bruno<\/strong>, l\u2019un des couples stars de la neuvi\u00e8me saison de <strong>Mari\u00e9s au premier regard<\/strong>. Le couple s\u2019est envol\u00e9 pour la capitale \u00e9conomique des <a href=\"https:\/\/actu.fr\/tag\/etats-unis\" target=\"_blank\" rel=\"noopener\">\u00c9tats-Unis<\/a>\u2026 pour y passer une seule nuit, comme dans la chanson.<\/p>\n<p class=\" wall-content\">Bruno a r\u00e9serv\u00e9 une surprise \u00e0 sa femme\u00a0avant le bilan\u2009: l\u2019emmener \u00e0 New-York. \u00c0 l\u2019a\u00e9roport, la jeune mari\u00e9e de 37\u00a0ans cherche sa destination myst\u00e8re et balaye du regard l\u2019\u00e9cran de l\u2019a\u00e9roport. \u00ab\u2009New-York, c\u2019est quand m\u00eame vachement loin\u2026\u2009\u00bb, note-t-elle. Sauf que Bruno a le sourire jusqu\u2019aux oreilles.<\/p>\n<p class=\" wall-content\">\u00ab\u2009Si, c\u2019est l\u00e0 qu\u2019on va\u2009! <strong>On va rester seulement 24h sur place<\/strong>\u2009\u00bb, lui annonce l\u2019adepte du \u00ab\u2009cap ou pas cap\u2009\u00bb. \u00ab\u2009Trop bien\u2009!\u2009\u00bb, r\u00e9pond l\u2019infirmi\u00e8re lib\u00e9rale. Non Coralie, ce n\u2019est pas trop bien. D\u2019un point de vue \u00e9cologique, c\u2019est m\u00eame <strong>une petite catastrophe.<\/strong><\/p>\n<p class=\" wall-content\">Interloqu\u00e9 par cette s\u00e9quence, actu.fr a tenu \u00e0 indiquer \u00e0 nos lecteurs ce qu\u2019un tel voyage repr\u00e9sentait en termes d\u2019<a href=\"https:\/\/actu.fr\/tag\/bilan-carbone\" target=\"_blank\" rel=\"noopener\">\u00e9missions carbone<\/a>, M6 ne l\u2019ayant pas fait. On a donc men\u00e9 notre petite enqu\u00eate pour retracer ce vol express.<\/p>\n<p>Vid\u00e9os : en ce moment sur ActuUne compagnie\u00a0ultra low cost<\/p>\n<p class=\" wall-content\">Les cam\u00e9ras de M6 n\u2019ont pas loup\u00e9 une miette de cette escapade romantique\u2026 ce qui nous a permis de retracer assez facilement le vol pris par Coralie et Bruno.<\/p>\n<p class=\" wall-content\">D\u00e9j\u00e0, on constate qu\u2019ils sont partis de l\u2019a\u00e9roport <a href=\"https:\/\/actu.fr\/tag\/aeroport-roissy-charles-de-gaulle\" target=\"_blank\" rel=\"noopener\">Roissy-Charles-de-Gaulle<\/a> puisque le panneau d\u2019affichage est all\u00e9grement film\u00e9 par les tourtereaux, dont les images amatrices sont int\u00e9gr\u00e9es \u00e0 l\u2019\u00e9pisode du jour.<\/p>\n<p class=\" wall-content\">Puis, les jeunes mari\u00e9s s\u2019immortalisent avant de monter dans leur g\u00e9ant des airs. Derri\u00e8re eux, on distingue la gouverne de direction de l\u2019avion, o\u00f9 le nom de la compagnie est inscrit. On lit <strong>Play<\/strong>.<\/p>\n<p class=\" wall-content\">Play est une compagnie a\u00e9rienne islandaise low cost. Le comparateur de vols Kayak la d\u00e9finit m\u00eame comme une compagnie \u00ab\u2009ultra low cost\u2009\u00bb. Pour vous donner une id\u00e9e, le vol le moins cher trouv\u00e9 par Kayak est <strong>un Londres-Reykjavik pour\u2026 96\u00a0euros l\u2019aller-retour<\/strong>.<\/p>\n<p>Horaires, prix\u2026 Les infos qu\u2019on a glan\u00e9es sur le trajet<\/p>\n<p class=\" wall-content\">La compagnie propose des vols vers 35 villes dans 20 pays. La compagnie propose un vol Paris-New-York plusieurs jours dans la semaine, <strong>pour 9h40 de vol<\/strong>. Celui-ci comprend une escale de deux heures \u00e0 l\u2019a\u00e9roport de Keflavik en Islande, leur faisant parcourir, au total, <strong>12\u2009700\u00a0km<\/strong>.<\/p>\n<p class=\" wall-content\">D\u00e9part 12h30, arriv\u00e9e \u00e0 18h05. C\u2019est beau la magie du d\u00e9calage horaire (\u00e0 l\u2019aller seulement en revanche). Mais la grosse pomme n\u2019a pas tendu tout de suite les bras \u00e0 nos amoureux. La compagnie n\u2019atterrit pas au c\u00e9l\u00e8bre a\u00e9roport JFK\u2026 mais \u00e0 celui de <strong>Stewart (SWF)<\/strong>, situ\u00e9 \u00e0 <strong>1h30 de voiture de la m\u00e9tropole<\/strong>.<\/p>\n<p class=\" wall-content\">Co\u00fbt de l\u2019op\u00e9ration\u2009: <a href=\"https:\/\/www.flyplay.com\/fr-fr\/booking?origin=CDG&amp;destination=SWF&amp;type=round-trip&amp;adults=1&amp;departureDate=2025-06-22&amp;returnDate=2025-06-23&amp;currency=EUR&amp;step=flights\" target=\"_blank\" rel=\"noopener\">444\u00a0euros l\u2019aller-retour<\/a> si l\u2019on part du 22 au 23\u00a0juin prochain par exemple.<\/p>\n<p>Un dernier \u00e9l\u00e9ment manquant<\/p>\n<p class=\" wall-content\">Il fait d\u00e9j\u00e0 nuit quand Bruno et Coralie arrivent \u00e0 New-York. Ils n\u2019ont pas de temps \u00e0 perdre. <strong>Leur vol retour les attend le lendemain, \u00e0 19h15<\/strong>. Aux 24h sur place, il faut donc d\u00e9duire aussi les 3h pass\u00e9es dans la voiture pour se rendre \u00e0 l\u2019a\u00e9roport.<\/p>\n<p class=\" wall-content\">Balade sur le pont de Brooklyn ou encore \u00e0 Times Square\u2026 Bruno et Coralie ont pris du bon temps avant de repartir. On l\u2019esp\u00e8re, car leur <strong>bilan carbone annuel<\/strong>, lui, en a pris un sacr\u00e9 coup.<\/p>\n<p>C&rsquo;est quoi un bilan carbone ?<\/p>\n<p>Le bilan carbone est une m\u00e9thode de calcul des \u00e9missions de gaz \u00e0 effet de serre. Elle est \u00e9tablie par l\u2019Ademe, l\u2019Agence de la transition \u00e9cologique du gouvernement.<\/p>\n<p class=\" wall-content\">Ville d\u2019escale, lieu de d\u00e9part et d\u2019arriv\u00e9e\u2026 Nous disposons de quelques informations pour calculer leur bilan carbone. Mais il en manque une qui est cruciale\u2009: <strong>dans quel avion ont-ils voyag\u00e9\u2009?<\/strong> Difficile de le deviner en regardant l\u2019\u00e9mission.<\/p>\n<p class=\" wall-content\">D\u2019apr\u00e8s le m\u00e9dia sp\u00e9cialis\u00e9 <a href=\"https:\/\/www.air-journal.fr\/2024-06-07-play-airlines-de-nouvelles-destinations-possibles-avec-play-connect-5256192.html\" target=\"_blank\" rel=\"noopener\">Air Journal<\/a>, la flotte a\u00e9rienne de Play est compos\u00e9e d\u2019<strong>A320 et d\u2019A321<\/strong>.<\/p>\n<p>2,3 tonnes de CO2\u2009: ce que \u00e7a repr\u00e9sente<\/p>\n<p class=\" wall-content\">Nous avons d\u00e9sormais toutes les informations pour calculer un bilan carbone d\u2019un aller-retour en avion sur le site <a href=\"https:\/\/co2.myclimate.org\/fr\/portfolios?calculation_id=7976620\" target=\"_blank\" rel=\"noopener\">MyClimate<\/a>.<\/p>\n<p class=\" wall-content\">Par personne, cette escapade en amoureux p\u00e8se <strong>2,3 tonnes de CO2<\/strong>, soit 4,6 tonnes \u00e0 deux pour 24h \u00e0 New-York.<\/p>\n<p class=\" wall-content\">Maintenant que l\u2019on a dit cela, qu\u2019est-ce que cela repr\u00e9sente\u2009? Coralie et Bruno ont consomm\u00e9 un peu plus de <strong>20\u2009% des \u00e9missions annuelles d\u2019un Fran\u00e7ais moyen<\/strong>, comme on peut le lire sur le site de <a href=\"https:\/\/www.carbone4.com\/analyse-faq-aviation-climat\" target=\"_blank\" rel=\"noopener\">Carbone 4<\/a>, le cabinet de conseil sp\u00e9cialis\u00e9 sur le changement climatique fond\u00e9 par Jean-Marc Jancovici.<\/p>\n<p class=\" wall-content\">Mais ce n\u2019est pas le chiffre le plus impressionnant. Pour atteindre la neutralit\u00e9 carbone (et respecter le fameux <a href=\"https:\/\/actu.fr\/planete\/climat\/l-objectif-de-l-accord-de-paris-deja-depasse-le-monde-pourrait-bien-etre-entre-dans-une-ere-de-surchauffe_62236927.html\" target=\"_blank\" rel=\"noopener\">accord de Paris<\/a>), chaque habitant <strong>ne devrait pas consommer plus de deux tonnes de CO2 par an<\/strong>. C\u2019est le <a href=\"https:\/\/www.notre-environnement.gouv.fr\/actualites\/breves\/article\/notre-consommation-au-quotidien-c-est-combien-de-co2\" target=\"_blank\" rel=\"noopener\">minist\u00e8re de la Transition \u00e9cologique<\/a> qui l\u2019\u00e9crit sur son site. Autrement dit, avec leur aller-retour \u00e0 New-York, les deux stars de la <a href=\"https:\/\/actu.fr\/tag\/television\" target=\"_blank\" rel=\"noopener\">t\u00e9l\u00e9<\/a> ont d\u00e9j\u00e0 utilis\u00e9 toute leur enveloppe. Et m\u00eame un peu plus.<\/p>\n<p>Aujourd\u2019hui l\u2019avion, demain le train\u2009?<\/p>\n<p class=\" wall-content\">C\u2019est bien connu, l\u2019avion est un moyen de transport polluant. Faisons quelques comparaisons pour le comprendre. L\u2019<a href=\"https:\/\/impactco2.fr\/outils\/transport\" target=\"_blank\" rel=\"noopener\">Ademe<\/a> rappelle que, <strong>pour 100\u00a0km parcourus<\/strong>, nous \u00e9mettons\u2009:<\/p>\n<ul class=\" wall-content\">\n<li>0,29 kg de CO2 en train ;<\/li>\n<li>21,8 kg de CO2 en voiture ;<\/li>\n<li>25,9 kg de CO2 en avion.<\/li>\n<\/ul>\n<p class=\" wall-content\">\u00ab\u2009On va partir 24\u00a0heures, donc \u00e7a va \u00eatre tr\u00e8s fatigant, \u00e7a va \u00eatre beaucoup d\u2019heures d\u2019avion, mais \u00e7a va nous permettre d\u2019aller dans un endroit tr\u00e8s cool\u2009\u00bb, sourit Bruno de MAPR. La prochaine fois, Bruno, peut-\u00eatre que tu pourras emmener Coralie \u00e0 Lille ou \u00e0 Saint-Malo. Ce sera moins fatigant et surtout, <strong>un poil moins polluant<\/strong>.<\/p>\n<p class=\" wall-content\">Suivez toute l\u2019actualit\u00e9 de vos villes et m\u00e9dias favoris en vous inscrivant \u00e0 <a href=\"https:\/\/moncompte.actu.fr\" title=\"D\u00e9couvez Mon Actu\" rel=\"nofollow noopener\" data-trk=\"{&quot;cta&quot;:{&quot;action&quot;:&quot;https:\\\/\\\/moncompte.actu.fr&quot;,&quot;category&quot;:&quot;mon compte&quot;,&quot;from&quot;:&quot;article footer&quot;,&quot;name&quot;:&quot;Mon actu&quot;,&quot;type&quot;:&quot;cta&quot;}}\" target=\"_blank\">Mon Actu<\/a>.<\/p>\n","protected":false},"excerpt":{"rendered":"Par Chlo\u00e9 Berry Publi\u00e9 le 26 mai 2025 \u00e0 21h48 \u00ab\u2009Un jour, j\u2019irais \u00e0 New-York avec toi, toutes&hellip;\n","protected":false},"author":2,"featured_media":130344,"comment_status":"","ping_status":"","sticky":false,"template":"","format":"standard","meta":{"footnotes":""},"categories":[1356],"tags":[25467,4734,58,59,1011,27,1652,252,1364],"class_list":{"0":"post-130343","1":"post","2":"type-post","3":"status-publish","4":"format-standard","5":"has-post-thumbnail","7":"category-television","8":"tag-bilan-carbone","9":"tag-changement-climatique","10":"tag-divertissement","11":"tag-entertainment","12":"tag-fr","13":"tag-france","14":"tag-loisirs-culture","15":"tag-television","16":"tag-tv"},"share_on_mastodon":{"url":"https:\/\/pubeurope.com\/@fr\/114576544698826086","error":""},"_links":{"self":[{"href":"https:\/\/www.europesays.com\/fr\/wp-json\/wp\/v2\/posts\/130343","targetHints":{"allow":["GET"]}}],"collection":[{"href":"https:\/\/www.europesays.com\/fr\/wp-json\/wp\/v2\/posts"}],"about":[{"href":"https:\/\/www.europesays.com\/fr\/wp-json\/wp\/v2\/types\/post"}],"author":[{"embeddable":true,"href":"https:\/\/www.europesays.com\/fr\/wp-json\/wp\/v2\/users\/2"}],"replies":[{"embeddable":true,"href":"https:\/\/www.europesays.com\/fr\/wp-json\/wp\/v2\/comments?post=130343"}],"version-history":[{"count":0,"href":"https:\/\/www.europesays.com\/fr\/wp-json\/wp\/v2\/posts\/130343\/revisions"}],"wp:featuredmedia":[{"embeddable":true,"href":"https:\/\/www.europesays.com\/fr\/wp-json\/wp\/v2\/media\/130344"}],"wp:attachment":[{"href":"https:\/\/www.europesays.com\/fr\/wp-json\/wp\/v2\/media?parent=130343"}],"wp:term":[{"taxonomy":"category","embeddable":true,"href":"https:\/\/www.europesays.com\/fr\/wp-json\/wp\/v2\/categories?post=130343"},{"taxonomy":"post_tag","embeddable":true,"href":"https:\/\/www.europesays.com\/fr\/wp-json\/wp\/v2\/tags?post=130343"}],"curies":[{"name":"wp","href":"https:\/\/api.w.org\/{rel}","templated":true}]}}