{"id":130347,"date":"2025-05-26T22:42:12","date_gmt":"2025-05-26T22:42:12","guid":{"rendered":"https:\/\/www.europesays.com\/fr\/130347\/"},"modified":"2025-05-26T22:42:12","modified_gmt":"2025-05-26T22:42:12","slug":"ce-qui-a-rendu-dany-boon-fou-sur-le-tournage-de-ce-film-qui-cartonne-sur-netflix","status":"publish","type":"post","link":"https:\/\/www.europesays.com\/fr\/130347\/","title":{"rendered":"Ce qui a rendu Dany Boon fou sur le tournage de ce film qui cartonne sur Netflix"},"content":{"rendered":"<p>Dany Boon cartonne sur Netflix dans cette com\u00e9die sign\u00e9e Fred Cavay\u00e9. Mais son r\u00f4le \u00e9tait loin d&rsquo;\u00eatre \u00e9vident en raison d&rsquo;une transformation qui a fini par le rendre \u00ab\u00a0fou\u00a0\u00bb.<\/p>\n<p><a href=\"https:\/\/www.programme-tv.net\/news\/cinema\/379501-triple-dose-de-dany-boon-sur-netflix-ces-trois-films-sont-les-plus-vus-du-moment-en-france\/\" data-api-deeplink=\"teleloisirs:\/\/news\/379501\" target=\"_blank\" rel=\"noopener\">Trois films port\u00e9s par Dany Boon figurent parmi les programmes les plus vus du moment<\/a><a href=\"https:\/\/www.programme-tv.net\/news\/cinema\/379501-triple-dose-de-dany-boon-sur-netflix-ces-trois-films-sont-les-plus-vus-du-moment-en-france\/\" data-api-deeplink=\"teleloisirs:\/\/news\/379501\" target=\"_blank\" rel=\"noopener\"> <\/a>sur <a href=\"https:\/\/www.programme-tv.net\/guide-netflix\/\" target=\"_blank\" rel=\"noopener\">Netflix<\/a>. L&rsquo;un d&rsquo;eux s&rsquo;av\u00e8re \u00eatre <b>Les Ch\u00e8vres<\/b><b> <\/b>du r\u00e9alisateur Fred Cavay\u00e9. Arriv\u00e9e sur la plateforme de streaming le mercredi 21 mai, <a href=\"https:\/\/www.programme-tv.net\/news\/cinema\/298283-netflix-notre-top-10-des-meilleures-comedies-a-voir\/\" data-api-deeplink=\"teleloisirs:\/\/news\/298283\" target=\"_blank\" rel=\"noopener\">la com\u00e9die<\/a> se d\u00e9roule au XVIIe si\u00e8cle et raconte<b> <\/b>l&rsquo;histoire de Ma\u00eetre Pompignac, un avocat originaire de Clermont-Ferrand, peu connu pour ses succ\u00e8s dans les pr\u00e9toires, au contraire de son concurrent, le r\u00e9put\u00e9 et redoutable Ma\u00eetre Valvert. L&rsquo;avocat pense avoir trouv\u00e9 l&rsquo;affaire de sa vie lorsqu&rsquo;une jeune femme lui demande de d\u00e9fendre Josette, accus\u00e9e d&rsquo;avoir tu\u00e9 un mar\u00e9chal de France. Mais il est loin de se douter que sa cliente est en r\u00e9alit\u00e9&#8230; une ch\u00e8vre.<\/p>\n<p><b>Les Ch\u00e8vres<\/b><b> : sa transformation dans le film num\u00e9ro 3 sur Netflix a rendu <\/b><b>\u00ab\u00a0fou\u00a0\u00bb<\/b><b> Dany Boon<\/b><\/p>\n<p>Dany Boon a donn\u00e9 de sa personne pour ce film qui cartonne sur Netflix. Pour se glisser au mieux dans la peau de Ma\u00eetre Pompignac qui ne conna\u00eet aucune notion d&rsquo;hygi\u00e8ne, <a href=\"https:\/\/www.programme-tv.net\/news\/people\/378641-dany-boon-donne-des-nouvelles-apres-son-accident-de-voiture-et-repond-avec-humour-a-une-rumeur-farfelue\/\" data-api-deeplink=\"teleloisirs:\/\/news\/378641\" target=\"_blank\" rel=\"noopener\">l&rsquo;acteur qui a r\u00e9cemment \u00e9t\u00e9 victime d&rsquo;un accident de la route<\/a> a d\u00fb se r\u00e9soudre \u00e0 appara\u00eetre aussi sale que son personnage. \u00ab\u00a0J&rsquo;ai en effet des dents assez pourries, le cheveu filasse et gras. Je me suis laiss\u00e9 faire, car les \u00e9quipes des costumes, de la coiffure et des maquillages avaient d\u00e9j\u00e0 fait un travail sur Pompignac, comme sur les autres personnages.<b> La seule chose qui m&rsquo;a d\u00e9rang\u00e9, c&rsquo;est d&rsquo;avoir en permanence les ongles sales, l&rsquo;hypocondriaque qui est en moi d\u00e9teste \u00e7a<\/b>. Or, <b>\u00e0 force de me salir les doigts pour de faux, je n&rsquo;arrivais plus \u00e0 tout nettoyer apr\u00e8s le tournage. Cette crasse incrust\u00e9e me rendait fou<\/b>\u00ab\u00a0, avait-il racont\u00e9 aux \u00e9quipes d&rsquo;AlloCin\u00e9.<\/p>\n<p>                        <b>Les Ch\u00e8vres <\/b><b>: pass\u00e9e inaper\u00e7ue au cin\u00e9ma, la com\u00e9die trouve une seconde vie sur Netflix<\/b><\/p>\n<p>Plus d&rsquo;un an apr\u00e8s son bide au cin\u00e9ma, Les Ch\u00e8vres conna\u00eet aujourd&rsquo;hui une seconde vie sur Netflix. Pr\u00e8s d&rsquo;une semaine apr\u00e8s son arriv\u00e9e sur la plateforme de streaming, la com\u00e9die avec Dany Boon continue de squatter le classement des films les plus vus du moment en France, tout comme deux autres de ses films, <a href=\"https:\/\/www.programme-tv.net\/news\/cinema\/325381-radin-cette-raison-pour-laquelle-vous-ne-voyez-dany-boon-porter-quun-seul-costume-dans-le-film\/\" data-api-deeplink=\"teleloisirs:\/\/news\/325381\" target=\"_blank\" rel=\"noopener\">Radin<\/a> et Le Lion, class\u00e9s respectivement \u00e0 la deuxi\u00e8me et sixi\u00e8me place du top.<\/p>\n<p>Article \u00e9crit en collaboration avec 6M\u00e9dias<\/p>\n","protected":false},"excerpt":{"rendered":"Dany Boon cartonne sur Netflix dans cette com\u00e9die sign\u00e9e Fred Cavay\u00e9. Mais son r\u00f4le \u00e9tait loin d&rsquo;\u00eatre \u00e9vident&hellip;\n","protected":false},"author":2,"featured_media":130348,"comment_status":"","ping_status":"","sticky":false,"template":"","format":"standard","meta":{"footnotes":""},"categories":[1354],"tags":[244,17146,58,59,1346,1011,27,25468,1360,127,1722,129],"class_list":{"0":"post-130347","1":"post","2":"type-post","3":"status-publish","4":"format-standard","5":"has-post-thumbnail","7":"category-films","8":"tag-commentaire","9":"tag-dany-boon","10":"tag-divertissement","11":"tag-entertainment","12":"tag-films","13":"tag-fr","14":"tag-france","15":"tag-les-chu00e8vres","16":"tag-movies","17":"tag-netflix","18":"tag-pub-streaming-netflix","19":"tag-svod"},"share_on_mastodon":{"url":"https:\/\/pubeurope.com\/@fr\/114576552480641462","error":""},"_links":{"self":[{"href":"https:\/\/www.europesays.com\/fr\/wp-json\/wp\/v2\/posts\/130347","targetHints":{"allow":["GET"]}}],"collection":[{"href":"https:\/\/www.europesays.com\/fr\/wp-json\/wp\/v2\/posts"}],"about":[{"href":"https:\/\/www.europesays.com\/fr\/wp-json\/wp\/v2\/types\/post"}],"author":[{"embeddable":true,"href":"https:\/\/www.europesays.com\/fr\/wp-json\/wp\/v2\/users\/2"}],"replies":[{"embeddable":true,"href":"https:\/\/www.europesays.com\/fr\/wp-json\/wp\/v2\/comments?post=130347"}],"version-history":[{"count":0,"href":"https:\/\/www.europesays.com\/fr\/wp-json\/wp\/v2\/posts\/130347\/revisions"}],"wp:featuredmedia":[{"embeddable":true,"href":"https:\/\/www.europesays.com\/fr\/wp-json\/wp\/v2\/media\/130348"}],"wp:attachment":[{"href":"https:\/\/www.europesays.com\/fr\/wp-json\/wp\/v2\/media?parent=130347"}],"wp:term":[{"taxonomy":"category","embeddable":true,"href":"https:\/\/www.europesays.com\/fr\/wp-json\/wp\/v2\/categories?post=130347"},{"taxonomy":"post_tag","embeddable":true,"href":"https:\/\/www.europesays.com\/fr\/wp-json\/wp\/v2\/tags?post=130347"}],"curies":[{"name":"wp","href":"https:\/\/api.w.org\/{rel}","templated":true}]}}