{"id":130353,"date":"2025-05-26T22:45:10","date_gmt":"2025-05-26T22:45:10","guid":{"rendered":"https:\/\/www.europesays.com\/fr\/130353\/"},"modified":"2025-05-26T22:45:10","modified_gmt":"2025-05-26T22:45:10","slug":"dans-maries-au-premier-regard-sur-m6-mallaury-et-melanie-se-sont-dit-oui-et-cest-une-premiere-pour-lemission","status":"publish","type":"post","link":"https:\/\/www.europesays.com\/fr\/130353\/","title":{"rendered":"Dans \u00ab\u00a0Mari\u00e9s au premier regard\u00a0\u00bb sur M6, Mallaury et M\u00e9lanie se sont dit oui et c\u2019est une premi\u00e8re pour l\u2019\u00e9mission"},"content":{"rendered":"<p>        <img decoding=\"async\" loading=\"lazy\" src=\"https:\/\/www.europesays.com\/fr\/wp-content\/uploads\/2025\/05\/9fb4ac9_sirius-fs-upload-1-f47yh89c4mk6-1748269257391-mapr-3.png\"  width=\"728\" height=\"409\" alt=\"Mallaury, participante bisexuelle, s\u2019est mari\u00e9e avec M\u00e9lanie.\"\/>  <\/p>\n<p>Capture d\u2019\u00e9cran X &#8211; M6<\/p>\n<p>Mallaury, participante bisexuelle, s\u2019est mari\u00e9e avec M\u00e9lanie.<\/p>\n<p class=\"asset asset-text\">\u00c9MISSION TV &#8211; Le premier mariage lesbien de <a href=\"https:\/\/www.huffingtonpost.fr\/divertissement\/article\/maries-au-premier-regard-sur-m6-clemence-rejetee-a-l-autel-la-saison-derniere-s-est-enfin-mariee_249077.html\" target=\"_blank\" rel=\"noopener\" title=\"Nouvelle fen\u00eatre\">Mari\u00e9s au premier regard<\/a> vient d\u2019\u00eatre c\u00e9l\u00e9br\u00e9. Mallaury, aide-soignante de 29\u00a0ans, a dit \u00ab\u00a0oui\u00a0\u00bb \u00e0 M\u00e9lanie, \u00e2g\u00e9e de 34\u00a0ans, dans <a href=\"https:\/\/www.huffingtonpost.fr\/divertissement\/article\/maries-au-premier-regard-sur-m6-rejetee-le-jour-de-son-mariage-marie-a-vecu-un-ascenseur-emotionnel_249669.html\" target=\"_blank\" rel=\"noopener\" title=\"Nouvelle fen\u00eatre\">l\u2019\u00e9pisode<\/a> diffus\u00e9 sur M6\u00a0ce lundi 26\u00a0mai. Mallaury est revenu sur cet \u00e9v\u00e9nement aupr\u00e8s du <a href=\"https:\/\/www.leparisien.fr\/culture-loisirs\/tv\/jai-eu-un-choc-avec-mallaury-maries-au-premier-regard-diffuse-son-premier-mariage-lesbien-26-05-2025-FM3N34YRU5DBTNAVNQ4DHTI5LY.php?ts=1748261103017\" target=\"_blank\" rel=\"noopener\" title=\"Nouvelle fen\u00eatre\">Parisien<\/a>, se confiant notamment sur ce que les t\u00e9l\u00e9spectateurs ne verront pas de <a href=\"https:\/\/www.huffingtonpost.fr\/divertissement\/article\/maries-au-premier-regard-sur-m6-clemence-rejetee-a-l-autel-la-saison-derniere-s-est-enfin-mariee_249077.html\" target=\"_blank\" rel=\"noopener\" title=\"Nouvelle fen\u00eatre\">son mariage<\/a>.<\/p>\n<p class=\"asset asset-text\">Dans son portrait diffus\u00e9 au cours de l\u2019\u00e9mission, l\u2019aide-soignante s\u2019\u00e9tait confi\u00e9e sur sa bisexualit\u00e9, expliquant ne pas avoir de pr\u00e9f\u00e9rence se marier avec un homme ou une femme. Pourtant, dans la voiture qui l\u2019am\u00e8ne aux jardins de Gibraltar, elle glisse\u00a0: \u00ab\u00a0J\u2019esp\u00e8re que c\u2019est un homme.\u00a0\u00bb Il n\u2019a fallu que quelques minutes pour que M\u00e9lanie la fasse changer d\u2019avis.<\/p>\n<p class=\"asset asset-text\">\u00ab\u00a0Mes derni\u00e8res relations n\u2019ont \u00e9t\u00e9 qu\u2019avec des femmes et ce sont celles qui m\u2019ont fait le plus souffrir. Vouloir un homme, c\u2019\u00e9tait une forme d\u2019autod\u00e9fense\u00a0\u00bb, explique la participante au Parisien. De sa premi\u00e8re rencontre avec M\u00e9lanie qu\u2019elle d\u00e9crit comme un \u00ab\u00a0choc\u00a0\u00bb, plusieurs moments ont \u00e9t\u00e9 coup\u00e9s au montage.<\/p>\n<p class=\"asset asset-text\">\u00ab\u00a0Quand \u00e7a s\u2019est ouvert, j\u2019ai eu un choc. Cela n\u2019a pas \u00e9t\u00e9 gard\u00e9 au montage, mais j\u2019ai l\u00e2ch\u00e9 un \u201cAh\u00a0!\u201d Je me suis dit\u00a0:\u00a0\u201cC\u2019est une femme, et en plus, elle est canon\u00a0!\u201d\u00a0M\u00eame si je m\u2019y attendais un petit peu, \u00e7a fait toujours un choc. Mais je savais que j\u2019avais une grande compatibilit\u00e9 avec les femmes\u00a0\u00bb, confie-t-elle.<\/p>\n<p> La lecture de ce contenu est susceptible d\u2019entra\u00eener un d\u00e9p\u00f4t de cookies de la part de l\u2019op\u00e9rateur tiers qui l\u2019h\u00e9berge. Compte-tenu des choix que vous avez exprim\u00e9s en mati\u00e8re de d\u00e9p\u00f4t de cookies, nous avons bloqu\u00e9 l\u2019affichage de ce contenu. Si vous souhaitez y acc\u00e9der, vous devez accepter la cat\u00e9gorie de cookies \u201cContenus tiers\u201d en cliquant sur le bouton ci-dessous. <\/p>\n<p> Lire la Vid\u00e9o        <\/p>\n<p class=\"asset asset-text\">M\u00e9lanie s\u2019est impos\u00e9e rapidement comme un choix id\u00e9al pour la candidate de la part des expertes, comme l\u2019affirme Mallaury \u00ab\u00a0D\u00e8s que je l\u2019ai vue, je n\u2019ai plus eu aucun doute sur le fait que j\u2019allais dire oui. C\u2019\u00e9tait le sc\u00e9nario id\u00e9al, ce dont j\u2019avais r\u00eav\u00e9. \u00bb<\/p>\n<p class=\"asset asset-text\">Mallaury ne cache pas aupr\u00e8s de nos confr\u00e8res que son attitude assez silencieuse au moment de la c\u00e9r\u00e9monie s\u2019explique en partie par le trop-plein d\u2019\u00e9motions \u00e0 g\u00e9rer. \u00ab\u00a0Quand on s\u2019est dit bonjour, elle m\u2019a dit que j\u2019\u00e9tais tr\u00e8s jolie, je lui ai r\u00e9pondu qu\u2019elle aussi, mais on ne l\u2019a pas vu au montage\u00a0\u00bb, d\u00e9clare-t-elle. \u00ab\u00a0Elle m\u2019a tellement plu que j\u2019ai perdu le contr\u00f4le, j\u2019\u00e9tais hyper d\u00e9stabilis\u00e9e.\u00a0\u00bb<\/p>\n<p>    Victime de cyberharc\u00e8lement    <\/p>\n<p class=\"asset asset-text\">L\u2019union entre les deux femmes repr\u00e9sente le premier mariage lesbien de l\u2019histoire du programme, deux ans apr\u00e8s celui de Jefferson et Pedro, premier couple gay de MAPR. Mallaury reconna\u00eet aupr\u00e8s du Parisien \u00eatre \u00ab\u00a0fi\u00e8re de cette visibilit\u00e9\u00a0\u00bb, m\u00eame si elle regrette cette exception \u00ab\u00a0\u00e7a devrait \u00eatre quelque chose de normal\u00a0\u00bb.<\/p>\n<p class=\"asset asset-text\">Apr\u00e8s la diffusion de son portrait, l\u2019aide-soignante a \u00e9t\u00e9 victime de cyberharc\u00e8lement suite \u00e0 l\u2019annonce de sa bisexualit\u00e9. \u00ab\u00a0La premi\u00e8re fois, c\u2019\u00e9tait dur de passer seule, sans mon bin\u00f4me. Mais l\u00e0, je suis fi\u00e8re de montrer mon histoire, mon mariage avec M\u00e9lanie\u00a0\u00bb, avance la jeune femme. Depuis le d\u00e9but de cette nouvelle saison de MAPR, sept couples se sont d\u00e9j\u00e0 dit \u00ab\u00a0oui\u00a0\u00bb \u00e0 Gibraltar. Apr\u00e8s le mariage de Marie et Laurent la semaine derni\u00e8re, les t\u00e9l\u00e9spectateurs ont donc d\u00e9couvert ce 26\u00a0mai celui de Mallaury et M\u00e9lanie et suivront la suite de leur histoire au cours des prochains \u00e9pisodes.<\/p>\n","protected":false},"excerpt":{"rendered":"Capture d\u2019\u00e9cran X &#8211; M6 Mallaury, participante bisexuelle, s\u2019est mari\u00e9e avec M\u00e9lanie. \u00c9MISSION TV &#8211; Le premier mariage&hellip;\n","protected":false},"author":2,"featured_media":130354,"comment_status":"","ping_status":"","sticky":false,"template":"","format":"standard","meta":{"footnotes":""},"categories":[8],"tags":[25474,58,11778,59,1011,27,494,6218,252],"class_list":{"0":"post-130353","1":"post","2":"type-post","3":"status-publish","4":"format-standard","5":"has-post-thumbnail","7":"category-divertissement","8":"tag-bisexualite","9":"tag-divertissement","10":"tag-emission-tv","11":"tag-entertainment","12":"tag-fr","13":"tag-france","14":"tag-m6","15":"tag-maries-au-premier-regard","16":"tag-television"},"share_on_mastodon":{"url":"https:\/\/pubeurope.com\/@fr\/114576564406040030","error":""},"_links":{"self":[{"href":"https:\/\/www.europesays.com\/fr\/wp-json\/wp\/v2\/posts\/130353","targetHints":{"allow":["GET"]}}],"collection":[{"href":"https:\/\/www.europesays.com\/fr\/wp-json\/wp\/v2\/posts"}],"about":[{"href":"https:\/\/www.europesays.com\/fr\/wp-json\/wp\/v2\/types\/post"}],"author":[{"embeddable":true,"href":"https:\/\/www.europesays.com\/fr\/wp-json\/wp\/v2\/users\/2"}],"replies":[{"embeddable":true,"href":"https:\/\/www.europesays.com\/fr\/wp-json\/wp\/v2\/comments?post=130353"}],"version-history":[{"count":0,"href":"https:\/\/www.europesays.com\/fr\/wp-json\/wp\/v2\/posts\/130353\/revisions"}],"wp:featuredmedia":[{"embeddable":true,"href":"https:\/\/www.europesays.com\/fr\/wp-json\/wp\/v2\/media\/130354"}],"wp:attachment":[{"href":"https:\/\/www.europesays.com\/fr\/wp-json\/wp\/v2\/media?parent=130353"}],"wp:term":[{"taxonomy":"category","embeddable":true,"href":"https:\/\/www.europesays.com\/fr\/wp-json\/wp\/v2\/categories?post=130353"},{"taxonomy":"post_tag","embeddable":true,"href":"https:\/\/www.europesays.com\/fr\/wp-json\/wp\/v2\/tags?post=130353"}],"curies":[{"name":"wp","href":"https:\/\/api.w.org\/{rel}","templated":true}]}}