{"id":13036,"date":"2025-04-09T16:16:10","date_gmt":"2025-04-09T16:16:10","guid":{"rendered":"https:\/\/www.europesays.com\/fr\/13036\/"},"modified":"2025-04-09T16:16:10","modified_gmt":"2025-04-09T16:16:10","slug":"cabaia-inaugure-un-nouveau-concept-de-magasin-dans-le-marais","status":"publish","type":"post","link":"https:\/\/www.europesays.com\/fr\/13036\/","title":{"rendered":"Cabaia inaugure un nouveau concept de magasin dans le Marais"},"content":{"rendered":"<p class=\"article-content col-md-8 offset-md-1\">\n                                Le 19 avril la marque fran\u00e7aise de sacs et d\u2019accessoires Cabaia inaugurera un nouveau concept de boutique au 18 rue Vieille du Temple dans le quartier parisien du Marais. Baptis\u00e9 Remake by Cabaia le lieu de 100 m\u00b2 veut incarner la vision de la marque pour une consommation plus responsable. Au programme\u00a0: personnalisation, r\u00e9paration et seconde main.<\/p>\n<p><img decoding=\"async\" class=\"news-image\" style=\"width:100%;\" src=\"https:\/\/www.europesays.com\/fr\/wp-content\/uploads\/2025\/04\/7ce1.gif\" alt=\"Visuel Cabaia, collection pour les Jeux Olympiques et Paralympiques de Paris 2024\" loading=\"lazy\"\/>Visuel Cabaia, collection pour les Jeux Olympiques et Paralympiques de Paris 2024 &#8211; DR<\/p>\n<p class=\"col-md-8 offset-md-1 article-content--texte\">\u00ab\u00a0Cette nouvelle adresse parisienne incarne parfaitement l&rsquo;engagement de Cabaia pour l&rsquo;\u00e9co- responsabilit\u00e9 et l&rsquo;innovation, en proposant une exp\u00e9rience client unique ax\u00e9e sur la durabilit\u00e9 et la circularit\u00e9. Ce nouveau concept-store va nous servir de r\u00e9f\u00e9rence pour le d\u00e9veloppement futur de notre r\u00e9seau\u00a0\u00bb, indique Emilien Foiret qui a co-fond\u00e9 Cabaia avec Bastien Valensi.<\/p>\n<p>Enti\u00e8rement d\u00e9montable et recyclable cette boutique, qui se substitue \u00e0 celle \u00e9tablie jusqu\u2019alors au num\u00e9ro 60 de la rue Vieille du Temple, propose un espace cr\u00e9atif permettant de personnaliser sacs ou pochettes.<\/p>\n<p class=\"col-md-8 offset-md-1 article-content--texte\">Un atelier de r\u00e9paration permet quant-\u00e0-lui de r\u00e9parer les petits d\u00e9fauts des sacs qui sont renvoy\u00e9s dans le cadre de la garantie \u00e0 vie (coutures, zips, teinture&#8230;). Enfin, il est \u00e9galement possible de faire l\u2019acquisition de sacs de seconde main\u00a0; des articles qui ont \u00e9t\u00e9 renvoy\u00e9s, r\u00e9par\u00e9s pour \u00eatre remis \u00e0 la vente \u00e0 prix r\u00e9duits.<\/p>\n<p>Cabaia a par ailleurs collabor\u00e9 avec FabBRICK pour transformer en briques d\u00e9coratives 45 kg de sacs \u00e0 dos Adventurer non r\u00e9parables. Ces briques, compos\u00e9es du best-seller de la marque et de v\u00eatements usag\u00e9s blancs, habillent ainsi les murs de la boutique.<\/p>\n<p>Cr\u00e9\u00e9e en 2015, Cabaia compte en plus de ses 1.400 revendeurs et 39 boutiques dont 4 en Belgique et 2 en Allemagne. La marque, qui <a href=\"https:\/\/fr.fashionnetwork.com\/news\/Cabaia-change-d-actionnaires-et-fait-entrer-quilvest-capital-partners-a-son-capital,1529239.html#cos\" target=\"_blank\" rel=\"noopener\">a fait entrer Quilvest Capital Partners a son capital,<\/a> enregistre un chiffre d\u2019affaires d\u2019environ 100 millions d\u2019euros et emploie plus de 200 personnes.<br \/>\u00a0\n                            <\/p>\n<p>\n                                Tous droits de reproduction et de repr\u00e9sentation r\u00e9serv\u00e9s.<br \/>\u00a9 2025 FashionNetwork.com\n                            <\/p>\n","protected":false},"excerpt":{"rendered":"Le 19 avril la marque fran\u00e7aise de sacs et d\u2019accessoires Cabaia inaugurera un nouveau concept de boutique au&hellip;\n","protected":false},"author":2,"featured_media":13037,"comment_status":"","ping_status":"","sticky":false,"template":"","format":"standard","meta":{"footnotes":""},"categories":[1888],"tags":[11,2424,537,2423,1777,674,1011,27,2425,985,12,2298,626,2426,2427,25,2421,2422],"class_list":{"0":"post-13036","1":"post","2":"type-post","3":"status-publish","4":"format-standard","5":"has-post-thumbnail","7":"category-paris","8":"tag-actualites","9":"tag-beaute","10":"tag-contact","11":"tag-cosmetiques","12":"tag-eu","13":"tag-europe","14":"tag-fr","15":"tag-france","16":"tag-luxe","17":"tag-mode","18":"tag-news","19":"tag-parfum","20":"tag-paris","21":"tag-professionnel","22":"tag-professionnels","23":"tag-republique-francaise","24":"tag-reseau","25":"tag-textile"},"share_on_mastodon":{"url":"https:\/\/pubeurope.com\/@fr\/114308905939183652","error":""},"_links":{"self":[{"href":"https:\/\/www.europesays.com\/fr\/wp-json\/wp\/v2\/posts\/13036","targetHints":{"allow":["GET"]}}],"collection":[{"href":"https:\/\/www.europesays.com\/fr\/wp-json\/wp\/v2\/posts"}],"about":[{"href":"https:\/\/www.europesays.com\/fr\/wp-json\/wp\/v2\/types\/post"}],"author":[{"embeddable":true,"href":"https:\/\/www.europesays.com\/fr\/wp-json\/wp\/v2\/users\/2"}],"replies":[{"embeddable":true,"href":"https:\/\/www.europesays.com\/fr\/wp-json\/wp\/v2\/comments?post=13036"}],"version-history":[{"count":0,"href":"https:\/\/www.europesays.com\/fr\/wp-json\/wp\/v2\/posts\/13036\/revisions"}],"wp:featuredmedia":[{"embeddable":true,"href":"https:\/\/www.europesays.com\/fr\/wp-json\/wp\/v2\/media\/13037"}],"wp:attachment":[{"href":"https:\/\/www.europesays.com\/fr\/wp-json\/wp\/v2\/media?parent=13036"}],"wp:term":[{"taxonomy":"category","embeddable":true,"href":"https:\/\/www.europesays.com\/fr\/wp-json\/wp\/v2\/categories?post=13036"},{"taxonomy":"post_tag","embeddable":true,"href":"https:\/\/www.europesays.com\/fr\/wp-json\/wp\/v2\/tags?post=13036"}],"curies":[{"name":"wp","href":"https:\/\/api.w.org\/{rel}","templated":true}]}}