{"id":130360,"date":"2025-05-26T22:49:09","date_gmt":"2025-05-26T22:49:09","guid":{"rendered":"https:\/\/www.europesays.com\/fr\/130360\/"},"modified":"2025-05-26T22:49:09","modified_gmt":"2025-05-26T22:49:09","slug":"babeth-lemoine-chuchote-en-direct-pendant-la-chronique-de-mohamed-bouhafsi","status":"publish","type":"post","link":"https:\/\/www.europesays.com\/fr\/130360\/","title":{"rendered":"Babeth Lemoine chuchote en direct pendant la chronique de Mohamed Bouhafsi"},"content":{"rendered":"<p>L\u2019animatrice de \u00abC \u00e0 vous\u00bb n\u2019a pas r\u00e9ussi \u00e0 contenir son opinion tandis que son confr\u00e8re pr\u00e9sentait un sujet sur les \u00e9tablissements interdits aux moins de 16 ans.<\/p>\n<p class=\"fig-paragraph\">\u00abAdultes seulement\u00bb, c\u2019est le nouveau crit\u00e8re vant\u00e9 par certains \u00e9tablissements pour attirer des clients agac\u00e9s d\u2019entendre des enfants pleurer ou jouer tandis qu\u2019ils d\u00eenent au restaurant ou se pr\u00e9lassent dans un h\u00f4tel. Une initiative d\u00e9nonc\u00e9e par Laurence Rossignol. \u00abJe propose que le Code p\u00e9nal qui pr\u00e9voit de sanctionner les discriminations soit \u00e9tendu aux discriminations \u00e0 l\u2019encontre des enfants. Les enfants doivent vivre avec nous, \u00e0 nos c\u00f4t\u00e9s. Il faut les aimer et parfois les tol\u00e9rer parce qu\u2019une soci\u00e9t\u00e9 sans enfant, c\u2019est une soci\u00e9t\u00e9 qui se replie\u00bb, argumente la s\u00e9natrice.<\/p>\n<p class=\"fig-paragraph\">Un sujet de soci\u00e9t\u00e9 expliqu\u00e9 par<strong>\u00a0<\/strong><a href=\"http:\/\/tvmag.lefigaro.fr\/programme-tv\/actu-tele\/vous-etes-soulant-vassili-schneider-suscite-la-jalousie-de-mohamed-bouhafsi-dans-c-a-vous-20250425\" target=\"_blank\" data-fig-type=\"Article\" rel=\"noopener nofollow\" data-gtm-custom-categorie=\"navigation\" data-gtm-custom-action=\"crossclick\" data-gtm-custom-label=\"Contextuel\" data-gtm-event=\"customEventSPE\" data-fig-domain=\"TVMAG\"><strong>Mohamed Bouhafsi<\/strong><\/a> \u00a0dans sa chronique de ce lundi 26 mai dans <strong>\u00abC \u00e0 vous\u00bb<\/strong>. Le journaliste rappelle que les \u00abh\u00f4tels interdits aux moins de 16 ans ont doubl\u00e9 dans le monde\u00bb. Au bout de la table, \u00e0 sa place habituelle de cheffe d\u2019orchestre,\u00a0<a href=\"http:\/\/tvmag.lefigaro.fr\/programme-tv\/actu-tele\/venez-avec-moi-dans-l-avion-tom-cruise-aguiche-anne-elisabeth-lemoine-au-festival-de-cannes-20250514\" target=\"_blank\" data-fig-type=\"Article\" rel=\"noopener nofollow\" data-gtm-custom-categorie=\"navigation\" data-gtm-custom-action=\"crossclick\" data-gtm-custom-label=\"Contextuel\" data-gtm-event=\"customEventSPE\" data-fig-domain=\"TVMAG\"><strong>Anne-Elisabeth Lemoine<\/strong><\/a> \u00a0chuchote\u00a0: \u00abJe trouve \u00e7a affreux\u00bb. Le message est audible car son micro n\u2019est pas coup\u00e9 tandis que son confr\u00e8re poursuit son sujet. \u00c0 sa gauche,\u00a0<a href=\"http:\/\/tvmag.lefigaro.fr\/programme-tv\/actu-tele\/elle-s-est-enfermee-dans-sa-bulle-stephane-bern-donne-des-nouvelles-de-louane-apres-l-eurovision-20250518\" target=\"_blank\" data-fig-type=\"Article\" rel=\"noopener nofollow\" data-gtm-custom-categorie=\"navigation\" data-gtm-custom-action=\"crossclick\" data-gtm-custom-label=\"Contextuel\" data-gtm-event=\"customEventSPE\" data-fig-domain=\"TVMAG\">St\u00e9phane Bern<\/a>\u00a0acquiesce, silencieusement.<\/p>\n<blockquote class=\"fig-quote&#10;    \">\n<p class=\"fig-quote__text\">Moi je connais des adultes qui font bien plus de bruit que des enfants.<\/p>\n<p>            Anne-Elisabeth Lemoine dans \u00abC \u00e0 vous\u00bb\n    <\/p><\/blockquote>\n<p class=\"fig-paragraph\">L\u2019animateur de \u00abSecrets d\u2019Histoire\u00bb exprime son opinion quelques minutes plus tard\u00a0: \u00abJe suis contre les espaces sans enfant. J\u2019adore les enfants\u00bb. \u00ab\u00c9videmment, on est toujours g\u00ean\u00e9 quand les siens hurlent. En revanche dans un restaurant, le soir, il faudrait qu\u2019ils soient couch\u00e9s. Moi, on me couchait \u00e0 19h30 quand j\u2019\u00e9tais gamin donc je pense que ce n\u2019est pas vraiment tr\u00e8s bon pour un enfant de veiller \u00e0 23h00\u00bb, reconna\u00eet n\u00e9anmoins celui qui a \u00e9galement comment\u00e9 l\u2019<a href=\"http:\/\/tvmag.lefigaro.fr\/pqr-actutele\/dossier\/eurovision\" target=\"_blank\" data-fig-type=\"Topic\" rel=\"noopener nofollow\" data-gtm-custom-categorie=\"navigation\" data-gtm-custom-action=\"crossclick\" data-gtm-custom-label=\"Contextuel\" data-gtm-event=\"customEventSPE\" data-fig-domain=\"TVMAG\">Eurovision 2025<\/a>.<\/p>\n<p class=\"fig-paragraph\">\u00abC\u2019est affreux\u00bb, r\u00e9p\u00e8te Anne-Elisabeth Lemoine, avec un ton assum\u00e9 et face cam\u00e9ra cette fois-ci. \u00abMoi je connais des adultes qui font bien plus de bruit que des enfants\u00bb, conclut-elle.<\/p>\n<p class=\"fig-paragraph\"><strong>\u00c0 VOIR AUSSI &#8211;<\/strong> \u00abC\u2019est n\u2019importe quoi\u00a0!\u00a0\u00bb\u00a0: Aur\u00e9lie Casse d\u00e9ment les rumeurs de tensions avec Anne-\u00c9lisabeth Lemoine<\/p>\n<p>\u00a0\u00bb<br \/>\n        data-script=\u00a0\u00bbhttps:\/\/static.lefigaro.fr\/widget-video\/short-ttl\/video\/index.js\u00a0\u00bb<br \/>\n    &gt;<\/p>\n","protected":false},"excerpt":{"rendered":"L\u2019animatrice de \u00abC \u00e0 vous\u00bb n\u2019a pas r\u00e9ussi \u00e0 contenir son opinion tandis que son confr\u00e8re pr\u00e9sentait un&hellip;\n","protected":false},"author":2,"featured_media":130361,"comment_status":"","ping_status":"","sticky":false,"template":"","format":"standard","meta":{"footnotes":""},"categories":[4],"tags":[497,496,11,5631,499,1011,27,500,24618,12,504,505,495,503,502,501,25,498],"class_list":{"0":"post-130360","1":"post","2":"type-post","3":"status-publish","4":"format-standard","5":"has-post-thumbnail","7":"category-france","8":"tag-actu-tv","9":"tag-actualite-tv","10":"tag-actualites","11":"tag-anne-elisabeth-lemoine","12":"tag-buzz-tv","13":"tag-fr","14":"tag-france","15":"tag-medias","16":"tag-mohamed-bouhafsi","17":"tag-news","18":"tag-news-tele","19":"tag-news-television","20":"tag-news-tv","21":"tag-programme-tele","22":"tag-programme-tv","23":"tag-quiz-tv","24":"tag-republique-francaise","25":"tag-tv-actu"},"share_on_mastodon":{"url":"https:\/\/pubeurope.com\/@fr\/114576579840246966","error":""},"_links":{"self":[{"href":"https:\/\/www.europesays.com\/fr\/wp-json\/wp\/v2\/posts\/130360","targetHints":{"allow":["GET"]}}],"collection":[{"href":"https:\/\/www.europesays.com\/fr\/wp-json\/wp\/v2\/posts"}],"about":[{"href":"https:\/\/www.europesays.com\/fr\/wp-json\/wp\/v2\/types\/post"}],"author":[{"embeddable":true,"href":"https:\/\/www.europesays.com\/fr\/wp-json\/wp\/v2\/users\/2"}],"replies":[{"embeddable":true,"href":"https:\/\/www.europesays.com\/fr\/wp-json\/wp\/v2\/comments?post=130360"}],"version-history":[{"count":0,"href":"https:\/\/www.europesays.com\/fr\/wp-json\/wp\/v2\/posts\/130360\/revisions"}],"wp:featuredmedia":[{"embeddable":true,"href":"https:\/\/www.europesays.com\/fr\/wp-json\/wp\/v2\/media\/130361"}],"wp:attachment":[{"href":"https:\/\/www.europesays.com\/fr\/wp-json\/wp\/v2\/media?parent=130360"}],"wp:term":[{"taxonomy":"category","embeddable":true,"href":"https:\/\/www.europesays.com\/fr\/wp-json\/wp\/v2\/categories?post=130360"},{"taxonomy":"post_tag","embeddable":true,"href":"https:\/\/www.europesays.com\/fr\/wp-json\/wp\/v2\/tags?post=130360"}],"curies":[{"name":"wp","href":"https:\/\/api.w.org\/{rel}","templated":true}]}}