{"id":130369,"date":"2025-05-26T22:54:21","date_gmt":"2025-05-26T22:54:21","guid":{"rendered":"https:\/\/www.europesays.com\/fr\/130369\/"},"modified":"2025-05-26T22:54:21","modified_gmt":"2025-05-26T22:54:21","slug":"nicolas-mathieu-invite-a-nancy-le-romancier-william-boyle","status":"publish","type":"post","link":"https:\/\/www.europesays.com\/fr\/130369\/","title":{"rendered":"Nicolas Mathieu invite \u00e0 Nancy le romancier William Boyle"},"content":{"rendered":"<p>Il est fid\u00e8le en amiti\u00e9, <a href=\"https:\/\/www.vosgesmatin.fr\/p\/nicolas-mathieu\" target=\"_blank\" rel=\"nofollow noopener\">Nicolas Mathieu<\/a>. Quand il est rentr\u00e9 des \u00c9tats-Unis en 2023, apr\u00e8s un p\u00e9riple litt\u00e9raire au c\u0153ur du grand sud am\u00e9ricain, dans la brume \u00e9lectrique du bayou, le Goncourt 2018 a gard\u00e9 des liens tr\u00e8s forts avec ses h\u00f4tes du Mississippi. William Boyle, dont il connaissait l\u2019\u0153uvre et les obsessions litt\u00e9raires, lui a ouvert sa porte, comme un ami. \u00ab La chaleur \u00e9touffante et moite du sud, les relations difficiles en famille, l\u2019Am\u00e9rique des p\u00e9riph\u00e9ries oubli\u00e9es, tout cela m\u2019a inspir\u00e9 pour Leurs enfants apr\u00e8s eux. \u00bb Cette r\u00e9sidence de la Villa Albertine (l\u2019\u00e9quivalent de la Villa M\u00e9dicis aux \u00c9tats-Unis, financ\u00e9e par la&#8230;<\/p>\n","protected":false},"excerpt":{"rendered":"Il est fid\u00e8le en amiti\u00e9, Nicolas Mathieu. Quand il est rentr\u00e9 des \u00c9tats-Unis en 2023, apr\u00e8s un p\u00e9riple&hellip;\n","protected":false},"author":2,"featured_media":129865,"comment_status":"","ping_status":"","sticky":false,"template":"","format":"standard","meta":{"footnotes":""},"categories":[9635],"tags":[1111,11,1687,1777,674,1011,27,775,2410,1702,12,3456,25],"class_list":{"0":"post-130369","1":"post","2":"type-post","3":"status-publish","4":"format-standard","5":"has-post-thumbnail","7":"category-nancy","8":"tag-actu","9":"tag-actualites","10":"tag-culture-loisirs","11":"tag-eu","12":"tag-europe","13":"tag-fr","14":"tag-france","15":"tag-grand-est","16":"tag-livres-bd","17":"tag-nancy","18":"tag-news","19":"tag-region-lorraine","20":"tag-republique-francaise"},"share_on_mastodon":{"url":"https:\/\/pubeurope.com\/@fr\/114576599596783099","error":""},"_links":{"self":[{"href":"https:\/\/www.europesays.com\/fr\/wp-json\/wp\/v2\/posts\/130369","targetHints":{"allow":["GET"]}}],"collection":[{"href":"https:\/\/www.europesays.com\/fr\/wp-json\/wp\/v2\/posts"}],"about":[{"href":"https:\/\/www.europesays.com\/fr\/wp-json\/wp\/v2\/types\/post"}],"author":[{"embeddable":true,"href":"https:\/\/www.europesays.com\/fr\/wp-json\/wp\/v2\/users\/2"}],"replies":[{"embeddable":true,"href":"https:\/\/www.europesays.com\/fr\/wp-json\/wp\/v2\/comments?post=130369"}],"version-history":[{"count":0,"href":"https:\/\/www.europesays.com\/fr\/wp-json\/wp\/v2\/posts\/130369\/revisions"}],"wp:featuredmedia":[{"embeddable":true,"href":"https:\/\/www.europesays.com\/fr\/wp-json\/wp\/v2\/media\/129865"}],"wp:attachment":[{"href":"https:\/\/www.europesays.com\/fr\/wp-json\/wp\/v2\/media?parent=130369"}],"wp:term":[{"taxonomy":"category","embeddable":true,"href":"https:\/\/www.europesays.com\/fr\/wp-json\/wp\/v2\/categories?post=130369"},{"taxonomy":"post_tag","embeddable":true,"href":"https:\/\/www.europesays.com\/fr\/wp-json\/wp\/v2\/tags?post=130369"}],"curies":[{"name":"wp","href":"https:\/\/api.w.org\/{rel}","templated":true}]}}