{"id":130376,"date":"2025-05-26T22:58:14","date_gmt":"2025-05-26T22:58:14","guid":{"rendered":"https:\/\/www.europesays.com\/fr\/130376\/"},"modified":"2025-05-26T22:58:14","modified_gmt":"2025-05-26T22:58:14","slug":"la-montpellier-reine-transforme-montpellier-en-dancefloor-solidaire","status":"publish","type":"post","link":"https:\/\/www.europesays.com\/fr\/130376\/","title":{"rendered":"la Montpellier Reine transforme Montpellier en dancefloor solidaire"},"content":{"rendered":"<p>            Par<br \/>\n        <strong><br \/>\n            <a href=\"https:\/\/actu.fr\/auteur\/lea-pippinato\" title=\"Consulter tous les articles de L\u00e9a Pippinato\" target=\"_blank\" rel=\"noopener\">L\u00e9a Pippinato<\/a><br \/>\n        <\/strong><\/p>\n<p>        Publi\u00e9 le<\/p>\n<p>            26 mai 2025 \u00e0 16h28        <\/p>\n<p><strong>Ce dimanche 25 mai 2025<\/strong>, jour de la f\u00eate des m\u00e8res, Montpellier s\u2019est r\u00e9veill\u00e9e au son du disco. La 16e \u00e9dition de la Montpellier Reine a attir\u00e9 un nombre record de coureurs, marcheurs et soutiens : plus de 10 000 personnes selon les organisateurs. Perruques color\u00e9es, tutus brillants et accessoires r\u00e9tro ont color\u00e9 la ville d\u00e8s l\u2019ouverture du village partenaire \u00e0 9h sur la promenade du Peyrou.<\/p>\n<p>    <a href=\"https:\/\/www.google.com\/maps\/embed?pb=!1m18!1m12!1m3!1d5777.547716555703!2d3.8681831764600028!3d43.611249971104115!2m3!1f0!2f0!3f0!3m2!1i1024!2i768!4f13.1!3m3!1m2!1s0x12b6af076a546fb5%3A0x34f9e1f751e017a8!2sPromenade%20du%20Peyrou!5e0!3m2!1sen!2sfr!4v1748241911990!5m2!1sen!2sfr\" title=\"Ouvrie le lien\" target=\"_blank\" rel=\"noopener\">Cliquez ici pour visualiser le contenu<\/a><\/p>\n<p class=\" wall-content\">Le th\u00e8me de l\u2019\u00e9dition 2025, \u00ab\u00a0Disco\u00a0\u00bb, a inspir\u00e9 les tenues les plus originales. Certains ont couru en rollers, d\u2019autres ont dans\u00e9 plus qu\u2019ils n\u2019ont couru. Et parmi les participants les plus cr\u00e9atifs, on a pu apercevoir des coureurs d\u00e9guis\u00e9s en robe de mari\u00e9e, en dinosaure ou encore en Super Mario. Mais tous \u00e9taient l\u00e0 pour la m\u00eame cause : lutter contre le cancer du sein.<\/p>\n<p class=\" wall-content\"><strong>Revivez les temps forts de cette journ\u00e9e en vid\u00e9o <a href=\"https:\/\/www.instagram.com\/metropolitainfr\/?next=%2F\" target=\"_blank\" rel=\"noopener\">sur notre compte Instagram<\/a> :\u00a0<\/strong><\/p>\n<p class=\" wall-content\"><a href=\"https:\/\/www.instagram.com\/reel\/DKHXUTpsqxY\/embed\" title=\"Ouvrir le lien sur Instagram\" target=\"_blank\" rel=\"noopener\">Visualiser le contenu sur Instagram<\/a><\/p>\n<p class=\" wall-content\"><strong> Depuis 2009<\/strong>, la Montpellier Reine est un rendez-vous incontournable du calendrier local. L\u2019\u00e9v\u00e9nement, initi\u00e9 par Barbara Pastre, mobilise chaque ann\u00e9e davantage de participants. <a href=\"https:\/\/actu.fr\/occitanie\/montpellier_34172\/solidarite-une-quinzieme-edition-de-la-montpellier-reine-exceptionnelle_61115074.html\" target=\"_blank\" rel=\"noopener\">En 2024, ils \u00e9taient 9 000<\/a>. Le maire de Montpellier, Micha\u00ebl Delafosse, a salu\u00e9 cette mobilisation lors de son discours : \u00ab\u00a0Comme les plus jeunes des coll\u00e8ges et des lyc\u00e9es qui courent, c\u2019est toute une ville qui crie sa solidarit\u00e9. Cette ville, elle est magnifique, elle s\u2019appelle Montpellier !\u00a0\u00bb<\/p>\n<p>Un \u00e9lan g\u00e9n\u00e9reux pour la recherche<\/p>\n<p class=\" wall-content\">Au total, <strong>150 000 euros<\/strong> ont \u00e9t\u00e9 r\u00e9colt\u00e9s cette ann\u00e9e. La somme, revers\u00e9e \u00e0 plusieurs associations et structures m\u00e9dicales, servira \u00e0 financer la pr\u00e9vention, le d\u00e9pistage et la recherche contre le cancer du sein. Six b\u00e9n\u00e9ficiaires ont \u00e9t\u00e9 d\u00e9sign\u00e9s : l\u2019Institut du Cancer de Montpellier recevra 30 000 euros, le CHU de Montpellier 55 000 euros, l\u2019association Les Parenth\u00e8ses de Marie 20 000 euros, Les Roses du Gard 20 000 euros, Montpellier Institut du Sein 20 000 euros et Entre Ciel et Mer 5 000 euros. Depuis sa cr\u00e9ation, la Montpellier Reine a permis de collecter plus d\u2019un million d\u2019euros pour la cause. Sur sc\u00e8ne, Barbara Pastre, la fondatrice de l\u2019\u00e9v\u00e9nement, n\u2019a pas cach\u00e9 son \u00e9motion : \u00ab\u00a0Aujourd\u2019hui je suis hyper fi\u00e8re, hyper \u00e9mue car on a d\u00e9pass\u00e9 les dix mille personnes, merci. C\u2019est une vague rose, une vague de solidarit\u00e9, une vague d\u2019amour !\u00a0\u00bb<\/p>\n<p>Vid\u00e9os : en ce moment sur Actu<br \/>\n    <img   decoding=\"async\" loading=\"lazy\" src=\"https:\/\/www.europesays.com\/fr\/wp-content\/uploads\/2025\/05\/tempimagey0hljq-960x640.jpg\" alt=\"Gr\u00e2ce aux inscriptions et \u00e0 la mobilisation, 150 000 euros ont \u00e9t\u00e9 r\u00e9colt\u00e9s pour soutenir six structures engag\u00e9es contre le cancer du sein.\" width=\"960\" height=\"640\"\/><br \/>\n    Gr\u00e2ce aux inscriptions et \u00e0 la mobilisation, 150 000 euros ont \u00e9t\u00e9 r\u00e9colt\u00e9s pour soutenir six structures engag\u00e9es contre le cancer du sein. (\u00a9M\u00e9tropolitain \/ LP)<\/p>\n<p class=\" wall-content\">Loin des chronom\u00e8tres et des classements, la Montpellier Reine est avant tout un moment de f\u00eate, de partage et d\u2019hommage. Beaucoup courent pour une amie, une s\u0153ur, une m\u00e8re. D\u2019autres viennent transmettre un message d\u2019espoir. Sur le bitume, les paillettes finiront par s\u2019effacer. Mais l\u2019\u00e9lan, lui, ne s\u2019essouffle pas.<\/p>\n<p class=\" wall-content\">Suivez toute l\u2019actualit\u00e9 de vos villes et m\u00e9dias favoris en vous inscrivant \u00e0 <a href=\"https:\/\/moncompte.actu.fr\" title=\"D\u00e9couvez Mon Actu\" rel=\"nofollow noopener\" data-trk=\"{&quot;cta&quot;:{&quot;action&quot;:&quot;https:\\\/\\\/moncompte.actu.fr&quot;,&quot;category&quot;:&quot;mon compte&quot;,&quot;from&quot;:&quot;article footer&quot;,&quot;name&quot;:&quot;Mon actu&quot;,&quot;type&quot;:&quot;cta&quot;}}\" target=\"_blank\">Mon Actu<\/a>.<\/p>\n<p>                    <script async src=\"\/\/www.instagram.com\/embed.js\"><\/script><\/p>\n","protected":false},"excerpt":{"rendered":"Par L\u00e9a Pippinato Publi\u00e9 le 26 mai 2025 \u00e0 16h28 Ce dimanche 25 mai 2025, jour de la&hellip;\n","protected":false},"author":2,"featured_media":130377,"comment_status":"","ping_status":"","sticky":false,"template":"","format":"standard","meta":{"footnotes":""},"categories":[9599],"tags":[1111,11,101,1777,674,1011,27,2208,873,12,2680,25,3400,60],"class_list":{"0":"post-130376","1":"post","2":"type-post","3":"status-publish","4":"format-standard","5":"has-post-thumbnail","7":"category-montpellier","8":"tag-actu","9":"tag-actualites","10":"tag-cancer","11":"tag-eu","12":"tag-europe","13":"tag-fr","14":"tag-france","15":"tag-montpellier","16":"tag-musique","17":"tag-news","18":"tag-occitanie","19":"tag-republique-francaise","20":"tag-solidarite","21":"tag-sports"},"share_on_mastodon":{"url":"https:\/\/pubeurope.com\/@fr\/114576615228898402","error":""},"_links":{"self":[{"href":"https:\/\/www.europesays.com\/fr\/wp-json\/wp\/v2\/posts\/130376","targetHints":{"allow":["GET"]}}],"collection":[{"href":"https:\/\/www.europesays.com\/fr\/wp-json\/wp\/v2\/posts"}],"about":[{"href":"https:\/\/www.europesays.com\/fr\/wp-json\/wp\/v2\/types\/post"}],"author":[{"embeddable":true,"href":"https:\/\/www.europesays.com\/fr\/wp-json\/wp\/v2\/users\/2"}],"replies":[{"embeddable":true,"href":"https:\/\/www.europesays.com\/fr\/wp-json\/wp\/v2\/comments?post=130376"}],"version-history":[{"count":0,"href":"https:\/\/www.europesays.com\/fr\/wp-json\/wp\/v2\/posts\/130376\/revisions"}],"wp:featuredmedia":[{"embeddable":true,"href":"https:\/\/www.europesays.com\/fr\/wp-json\/wp\/v2\/media\/130377"}],"wp:attachment":[{"href":"https:\/\/www.europesays.com\/fr\/wp-json\/wp\/v2\/media?parent=130376"}],"wp:term":[{"taxonomy":"category","embeddable":true,"href":"https:\/\/www.europesays.com\/fr\/wp-json\/wp\/v2\/categories?post=130376"},{"taxonomy":"post_tag","embeddable":true,"href":"https:\/\/www.europesays.com\/fr\/wp-json\/wp\/v2\/tags?post=130376"}],"curies":[{"name":"wp","href":"https:\/\/api.w.org\/{rel}","templated":true}]}}