{"id":130380,"date":"2025-05-26T23:01:20","date_gmt":"2025-05-26T23:01:20","guid":{"rendered":"https:\/\/www.europesays.com\/fr\/130380\/"},"modified":"2025-05-26T23:01:20","modified_gmt":"2025-05-26T23:01:20","slug":"les-premieres-ouvertures-de-routes-annoncees","status":"publish","type":"post","link":"https:\/\/www.europesays.com\/fr\/130380\/","title":{"rendered":"les premi\u00e8res ouvertures de routes annonc\u00e9es"},"content":{"rendered":"<p>            Par<br \/>\n        <strong><br \/>\n            <a href=\"https:\/\/actu.fr\/auteur\/lisa-rodrigues\" title=\"Consulter tous les articles de Lisa Rodrigues\" rel=\"nofollow noopener\" target=\"_blank\">Lisa Rodrigues<\/a><br \/>\n        <\/strong><\/p>\n<p>        Publi\u00e9 le<\/p>\n<p>            26 mai 2025 \u00e0 15h06        <\/p>\n<p>Quatre ans que le secteur de <a href=\"https:\/\/actu.fr\/auvergne-rhone-alpes\/grenoble_38185\/grenoble-ce-point-strategique-reliant-l-a480-entierement-ferme-voici-jusqu-a-quand_62383474.html\" rel=\"nofollow noopener\" target=\"_blank\">l\u2019\u00e9changeur du Rondeau<\/a>, n\u0153ud routier au sud de l\u2019agglom\u00e9ration grenobloise, est en travaux. Quatre ans que les automobilistes roulent au rythme des fermetures ponctuelles de routes ou d\u2019acc\u00e8s autoroutiers.<\/p>\n<p class=\" wall-content\">\u00c0 partir du mardi 27 mai, une partie de ces tracas vont s\u2019en aller, avec la <strong>mise en service de la tranch\u00e9e couverte<\/strong> du Rondeau, permettant de fluidifier le trafic entre l\u2019A480, la rocade sud, <a href=\"https:\/\/actu.fr\/auvergne-rhone-alpes\/grenoble_38185\" rel=\"nofollow noopener\" target=\"_blank\">Grenoble<\/a>, \u00c9chirolles et Seyssins.<\/p>\n<p>Les \u00e9tapes de la mise en service<\/p>\n<p class=\" wall-content\">L\u2019ouverture de la tranch\u00e9e couverte \u2013 o\u00f9 la vitesse est <strong>limit\u00e9e \u00e0 70km\/h<\/strong> pour les voitures \u2013 va se faire progressivement, du mardi 27 mai au mercredi 4 juin.\u00a0<\/p>\n<p class=\" wall-content\">La pr\u00e9fecture de l\u2019Is\u00e8re a annonc\u00e9 les diff\u00e9rentes \u00e9tapes de cette mise en service :\u00a0<\/p>\n<ul class=\" wall-content\">\n<li><strong>Mardi 27 mai au matin<\/strong> : le tube nord de la tranch\u00e9e couverte, permettant de rejoindre l\u2019A480 depuis la rocade sud va \u00eatre accessible (sens <a href=\"https:\/\/actu.fr\/auvergne-rhone-alpes\/chambery_73065\" rel=\"nofollow noopener\" target=\"_blank\">Chamb\u00e9ry<\/a>-Lyon). Cela permettra la r\u00e9ouverture de la bretelle entre Chamb\u00e9ry et Sisteron (ferm\u00e9e depuis le 17 mars).<\/li>\n<li><strong>Mardi 3 juin au matin<\/strong> : la liaison entre Sisteron et Chamb\u00e9ry (de l\u2019A480 vers la rocade sud) va \u00eatre ouverte.<\/li>\n<li><strong>Mercredi 4 juin au matin<\/strong> : la liaison entre <a href=\"https:\/\/actu.fr\/auvergne-rhone-alpes\/lyon_69123\" rel=\"nofollow noopener\" target=\"_blank\">Lyon<\/a> et Chamb\u00e9ry par la tranch\u00e9e couverte va \u00eatre accessible.<\/li>\n<\/ul>\n<p>Vid\u00e9os : en ce moment sur Actu<\/p>\n<p class=\" wall-content\">Il est \u00e0 noter que les nuits qui pr\u00e9c\u00e8dent les ouvertures \u2013 soit les nuits du lundi 26 mai, du lundi 2 juin et du mardi 3 juin \u2013 la <strong>RN87 va \u00eatre en partie ferm\u00e9e<\/strong> pour permettre l\u2019ouverture de ces portions de route le lendemain matin.<\/p>\n<p>Les prochaines perturbations<\/p>\n<p class=\" wall-content\">Les am\u00e9nagements du Rondeau vont se poursuivre encore plusieurs semaines.<\/p>\n<p class=\" wall-content\">La pr\u00e9fecture rappelle ainsi que les liaisons vers <a href=\"https:\/\/actu.fr\/auvergne-rhone-alpes\/seyssins_38486\" rel=\"nofollow noopener\" target=\"_blank\">Seyssins<\/a> (RD6) \u00ab\u00a0seront amen\u00e9es \u00e0 \u00eatre modifi\u00e9es pour permettre la mise en configuration d\u00e9finitive\u00a0\u00bb des voies qui vont relier la rocade sud \u00e0 Seyssins \u00ab\u00a0<strong>\u00e0 compter du 25 juillet<\/strong>\u00ab\u00a0. \u00c0 cette m\u00eame date, la liaison entre Seyssins et la RN87.<\/p>\n<p class=\" wall-content\">Suivez toute l\u2019actualit\u00e9 de vos villes et m\u00e9dias favoris en vous inscrivant \u00e0 <a href=\"https:\/\/moncompte.actu.fr\" title=\"D\u00e9couvez Mon Actu\" rel=\"nofollow noopener\" data-trk=\"{&quot;cta&quot;:{&quot;action&quot;:&quot;https:\\\/\\\/moncompte.actu.fr&quot;,&quot;category&quot;:&quot;mon compte&quot;,&quot;from&quot;:&quot;article footer&quot;,&quot;name&quot;:&quot;Mon actu&quot;,&quot;type&quot;:&quot;cta&quot;}}\" target=\"_blank\">Mon Actu<\/a>.<\/p>\n","protected":false},"excerpt":{"rendered":"Par Lisa Rodrigues Publi\u00e9 le 26 mai 2025 \u00e0 15h06 Quatre ans que le secteur de l\u2019\u00e9changeur du&hellip;\n","protected":false},"author":2,"featured_media":130381,"comment_status":"","ping_status":"","sticky":false,"template":"","format":"standard","meta":{"footnotes":""},"categories":[9566],"tags":[1111,11,2430,3542,1777,674,1011,27,2731,12,25,104,2086],"class_list":{"0":"post-130380","1":"post","2":"type-post","3":"status-publish","4":"format-standard","5":"has-post-thumbnail","7":"category-grenoble","8":"tag-actu","9":"tag-actualites","10":"tag-auvergne-rhone-alpes","11":"tag-circulation","12":"tag-eu","13":"tag-europe","14":"tag-fr","15":"tag-france","16":"tag-grenoble","17":"tag-news","18":"tag-republique-francaise","19":"tag-societe","20":"tag-travaux"},"share_on_mastodon":{"url":"https:\/\/pubeurope.com\/@fr\/114576627192965450","error":""},"_links":{"self":[{"href":"https:\/\/www.europesays.com\/fr\/wp-json\/wp\/v2\/posts\/130380","targetHints":{"allow":["GET"]}}],"collection":[{"href":"https:\/\/www.europesays.com\/fr\/wp-json\/wp\/v2\/posts"}],"about":[{"href":"https:\/\/www.europesays.com\/fr\/wp-json\/wp\/v2\/types\/post"}],"author":[{"embeddable":true,"href":"https:\/\/www.europesays.com\/fr\/wp-json\/wp\/v2\/users\/2"}],"replies":[{"embeddable":true,"href":"https:\/\/www.europesays.com\/fr\/wp-json\/wp\/v2\/comments?post=130380"}],"version-history":[{"count":0,"href":"https:\/\/www.europesays.com\/fr\/wp-json\/wp\/v2\/posts\/130380\/revisions"}],"wp:featuredmedia":[{"embeddable":true,"href":"https:\/\/www.europesays.com\/fr\/wp-json\/wp\/v2\/media\/130381"}],"wp:attachment":[{"href":"https:\/\/www.europesays.com\/fr\/wp-json\/wp\/v2\/media?parent=130380"}],"wp:term":[{"taxonomy":"category","embeddable":true,"href":"https:\/\/www.europesays.com\/fr\/wp-json\/wp\/v2\/categories?post=130380"},{"taxonomy":"post_tag","embeddable":true,"href":"https:\/\/www.europesays.com\/fr\/wp-json\/wp\/v2\/tags?post=130380"}],"curies":[{"name":"wp","href":"https:\/\/api.w.org\/{rel}","templated":true}]}}