{"id":130382,"date":"2025-05-26T23:02:45","date_gmt":"2025-05-26T23:02:45","guid":{"rendered":"https:\/\/www.europesays.com\/fr\/130382\/"},"modified":"2025-05-26T23:02:45","modified_gmt":"2025-05-26T23:02:45","slug":"il-tente-de-sechapper-a-un-controle-les-policiers-retrouvent-une-arme-sur-lui","status":"publish","type":"post","link":"https:\/\/www.europesays.com\/fr\/130382\/","title":{"rendered":"il tente de s\u2019\u00e9chapper \u00e0 un contr\u00f4le, les policiers retrouvent une arme sur lui"},"content":{"rendered":"<p>\t\t\t\t\t\t\t\t\t\t\t<img loading=\"lazy\" decoding=\"async\" width=\"1110\" title=\"Grenoble : il tente de s\u2019\u00e9chapper \u00e0 un contr\u00f4le, les policiers retrouvent une arme sur lui\" class=\"img-fluid not_lzld mb-3\" src=\"https:\/\/www.europesays.com\/fr\/wp-content\/uploads\/2025\/05\/1110x624_grenoble-il-tente-de-s-echapper-a-un-controle-les-policiers-retrouvent-une-arme-sur-lui_683\" alt=\"Grenoble : il tente de s\u2019\u00e9chapper \u00e0 un contr\u00f4le, les policiers retrouvent une arme sur lui\" itemprop=\"image\" height=\"624\"\/>\t\t\t\t\t\t\t\t\t\t\t\t<\/p>\n<p>Grenoble : il tente de s\u2019\u00e9chapper \u00e0 un contr\u00f4le, les policiers retrouvent une arme sur lui &#8211; DR<\/p>\n<p itemprop=\"description\"><strong>Les faits se sont produits aux alentours de 19h, ce dimanche.<\/strong><\/p>\n<p>Des agents de la Brigade anticriminalit\u00e9 (BAC), qui circulaient dans le secteur de l\u2019Aigle au niveau du centre-ville de Grenoble, ont fait face \u00e0 un individu en possession d\u2019une arme de poing. Ce dernier rodait sur un scooter \u00e9lectrique avec un masque pour dissimuler son visage.<\/p>\n<p>Lorsque les brigadiers ont tent\u00e9 de l\u2019interpeller, l\u2019homme, \u00e2g\u00e9 de 19 ans, a tent\u00e9 de s\u2019\u00e9chapper au contr\u00f4le avant de tomber. Il s\u2019est alors d\u00e9battu pour essayer de fuir la situation.<\/p>\n<p>Mais pendant l\u2019arrestation muscl\u00e9e, les policiers ont d\u00e9couvert un pistolet P38 (calibre 9mm) dans la sacoche de l\u2019individu.<\/p>\n<p>Suite \u00e0 cela, le suspect a \u00e9t\u00e9 plac\u00e9 en garde \u00e0 vue.<\/p>\n","protected":false},"excerpt":{"rendered":"Grenoble : il tente de s\u2019\u00e9chapper \u00e0 un contr\u00f4le, les policiers retrouvent une arme sur lui &#8211; DR&hellip;\n","protected":false},"author":2,"featured_media":130383,"comment_status":"","ping_status":"","sticky":false,"template":"","format":"standard","meta":{"footnotes":""},"categories":[9566],"tags":[1111,11,7733,8279,2430,7736,650,7734,2889,2263,1777,674,1011,27,2731,8280,6417,1114,108,4662,12,3725,1825,25,7737],"class_list":{"0":"post-130382","1":"post","2":"type-post","3":"status-publish","4":"format-standard","5":"has-post-thumbnail","7":"category-grenoble","8":"tag-actu","9":"tag-actualites","10":"tag-alpes","11":"tag-alpes1","12":"tag-auvergne-rhone-alpes","13":"tag-cds","14":"tag-cinema","15":"tag-ecoute","16":"tag-emission","17":"tag-equipe","18":"tag-eu","19":"tag-europe","20":"tag-fr","21":"tag-france","22":"tag-grenoble","23":"tag-haute","24":"tag-information","25":"tag-infos","26":"tag-isere","27":"tag-journal","28":"tag-news","29":"tag-podcast","30":"tag-radio","31":"tag-republique-francaise","32":"tag-winamp"},"share_on_mastodon":{"url":"https:\/\/pubeurope.com\/@fr\/114576630987669392","error":""},"_links":{"self":[{"href":"https:\/\/www.europesays.com\/fr\/wp-json\/wp\/v2\/posts\/130382","targetHints":{"allow":["GET"]}}],"collection":[{"href":"https:\/\/www.europesays.com\/fr\/wp-json\/wp\/v2\/posts"}],"about":[{"href":"https:\/\/www.europesays.com\/fr\/wp-json\/wp\/v2\/types\/post"}],"author":[{"embeddable":true,"href":"https:\/\/www.europesays.com\/fr\/wp-json\/wp\/v2\/users\/2"}],"replies":[{"embeddable":true,"href":"https:\/\/www.europesays.com\/fr\/wp-json\/wp\/v2\/comments?post=130382"}],"version-history":[{"count":0,"href":"https:\/\/www.europesays.com\/fr\/wp-json\/wp\/v2\/posts\/130382\/revisions"}],"wp:featuredmedia":[{"embeddable":true,"href":"https:\/\/www.europesays.com\/fr\/wp-json\/wp\/v2\/media\/130383"}],"wp:attachment":[{"href":"https:\/\/www.europesays.com\/fr\/wp-json\/wp\/v2\/media?parent=130382"}],"wp:term":[{"taxonomy":"category","embeddable":true,"href":"https:\/\/www.europesays.com\/fr\/wp-json\/wp\/v2\/categories?post=130382"},{"taxonomy":"post_tag","embeddable":true,"href":"https:\/\/www.europesays.com\/fr\/wp-json\/wp\/v2\/tags?post=130382"}],"curies":[{"name":"wp","href":"https:\/\/api.w.org\/{rel}","templated":true}]}}