{"id":130386,"date":"2025-05-26T23:05:08","date_gmt":"2025-05-26T23:05:08","guid":{"rendered":"https:\/\/www.europesays.com\/fr\/130386\/"},"modified":"2025-05-26T23:05:08","modified_gmt":"2025-05-26T23:05:08","slug":"previsions-du-mardi-27-mai-2025","status":"publish","type":"post","link":"https:\/\/www.europesays.com\/fr\/130386\/","title":{"rendered":"pr\u00e9visions du mardi 27 mai 2025"},"content":{"rendered":"<p>Il fera environ 16\u00b0C \u00e0 Strasbourg, aujourd&rsquo;hui. Une modeste brise de sud-ouest sera ressentie par les habitants. Le soleil se montrerait plus t\u00f4t dans la matin\u00e9e si des nuages n&rsquo;\u00e9taient pas pr\u00e9sents dans le ciel. Des pluies \u00e9parses sont attendues. Le ciel va l\u00e9g\u00e8rement se d\u00e9gager dans l&rsquo;apr\u00e8s-midi avec des \u00e9claircies. Les valeurs seront comprises entre 19\u00b0C et 20\u00b0C. Entre mardi et mercredi, la nuit sera claire.<\/p>\n<p>Demain, \u00e0 Strasbourg, des nuages ne voudront pas faire place au soleil. Une chute du mercure est \u00e0 pr\u00e9voir. Le thermom\u00e8tre affichera 14\u00b0C en moyenne. Un vent de sud-ouest rafra\u00eechira un peu l&rsquo;atmosph\u00e8re. Le matin, encore des nuages dans le ciel qui emp\u00eachent le soleil d&rsquo;appara\u00eetre. Il faudra s&rsquo;attendre \u00e0 des perturbations, les Strasbourgeois se retrouveront sous de la pluie. Toujours de la grisaille demain apr\u00e8s-midi. Les nuages vont s&rsquo;attarder. Des pluies \u00e9parses vont tomber. Les temp\u00e9ratures s&rsquo;\u00e9chelonneront entre 13 et 16\u00b0C. Il sera difficile de rester au sec car de la pluie est pr\u00e9vue dans la soir\u00e9e.<\/p>\n<p>Le temps des jours suivants va \u00e9voluer progressivement. Les conditions m\u00e9t\u00e9orologiques persisteront jeudi mais une am\u00e9lioration s&rsquo;ensuivra vendredi.<\/p>\n<p><\/p>\n","protected":false},"excerpt":{"rendered":"Il fera environ 16\u00b0C \u00e0 Strasbourg, aujourd&rsquo;hui. Une modeste brise de sud-ouest sera ressentie par les habitants. Le&hellip;\n","protected":false},"author":2,"featured_media":130387,"comment_status":"","ping_status":"","sticky":false,"template":"","format":"standard","meta":{"footnotes":""},"categories":[2820],"tags":[1111,11,2389,2649,1777,674,1011,27,775,12,2119,25,640],"class_list":{"0":"post-130386","1":"post","2":"type-post","3":"status-publish","4":"format-standard","5":"has-post-thumbnail","7":"category-strasbourg","8":"tag-actu","9":"tag-actualites","10":"tag-alsace","11":"tag-bas-rhin","12":"tag-eu","13":"tag-europe","14":"tag-fr","15":"tag-france","16":"tag-grand-est","17":"tag-news","18":"tag-previsions-meteo","19":"tag-republique-francaise","20":"tag-strasbourg"},"share_on_mastodon":{"url":"https:\/\/pubeurope.com\/@fr\/114576642787557453","error":""},"_links":{"self":[{"href":"https:\/\/www.europesays.com\/fr\/wp-json\/wp\/v2\/posts\/130386","targetHints":{"allow":["GET"]}}],"collection":[{"href":"https:\/\/www.europesays.com\/fr\/wp-json\/wp\/v2\/posts"}],"about":[{"href":"https:\/\/www.europesays.com\/fr\/wp-json\/wp\/v2\/types\/post"}],"author":[{"embeddable":true,"href":"https:\/\/www.europesays.com\/fr\/wp-json\/wp\/v2\/users\/2"}],"replies":[{"embeddable":true,"href":"https:\/\/www.europesays.com\/fr\/wp-json\/wp\/v2\/comments?post=130386"}],"version-history":[{"count":0,"href":"https:\/\/www.europesays.com\/fr\/wp-json\/wp\/v2\/posts\/130386\/revisions"}],"wp:featuredmedia":[{"embeddable":true,"href":"https:\/\/www.europesays.com\/fr\/wp-json\/wp\/v2\/media\/130387"}],"wp:attachment":[{"href":"https:\/\/www.europesays.com\/fr\/wp-json\/wp\/v2\/media?parent=130386"}],"wp:term":[{"taxonomy":"category","embeddable":true,"href":"https:\/\/www.europesays.com\/fr\/wp-json\/wp\/v2\/categories?post=130386"},{"taxonomy":"post_tag","embeddable":true,"href":"https:\/\/www.europesays.com\/fr\/wp-json\/wp\/v2\/tags?post=130386"}],"curies":[{"name":"wp","href":"https:\/\/api.w.org\/{rel}","templated":true}]}}