{"id":130389,"date":"2025-05-26T23:07:09","date_gmt":"2025-05-26T23:07:09","guid":{"rendered":"https:\/\/www.europesays.com\/fr\/130389\/"},"modified":"2025-05-26T23:07:09","modified_gmt":"2025-05-26T23:07:09","slug":"previsions-du-mardi-27-mai-2025-2","status":"publish","type":"post","link":"https:\/\/www.europesays.com\/fr\/130389\/","title":{"rendered":"pr\u00e9visions du mardi 27 mai 2025"},"content":{"rendered":"<p>Le soleil se fera attendre aujourd&rsquo;hui sur Nice, o\u00f9 des nuages sont bien install\u00e9s. Il faudra pr\u00e9voir des perturbations, les Ni\u00e7ois se retrouveront sous des pluies \u00e9parses. Il fera 19\u00b0C en moyenne. Le matin, le thermom\u00e8tre affichera 19\u00b0C en moyenne. Un l\u00e9ger vent de nord-est sera ressenti par les habitants. L&rsquo;apr\u00e8s-midi, des nuages ne voudront pas c\u00e9der leur place au soleil. Les temp\u00e9ratures seront comprises entre 19 et 21\u00b0C. La m\u00e9t\u00e9o devrait s&rsquo;am\u00e9liorer pendant la soir\u00e9e. Les temp\u00e9ratures tourneront autour des 18\u00b0C. Entre mardi et mercredi, la nuit sera claire.<\/p>\n<p>Demain, les Ni\u00e7ois vont pouvoir b\u00e9n\u00e9ficier d&rsquo;un soleil radieux. La m\u00e9t\u00e9o va se r\u00e9chauffer avec une hausse de quelques degr\u00e9s. Les valeurs afficheront entre 17 et 22\u00b0C. Un vent de nord-ouest rafra\u00eechira sensiblement l&rsquo;atmosph\u00e8re. Le matin, on pr\u00e9voit des temp\u00e9ratures d&rsquo;environ 21\u00b0C. Les valeurs s&rsquo;\u00e9chelonneront entre 19 et 21\u00b0C durant l&rsquo;apr\u00e8s-midi. Les temp\u00e9ratures seront de 18\u00b0C au plus bas et de 19\u00b0C au plus haut la soir\u00e9e.<\/p>\n<p>Pour la suite, le temps ne changera pas. Pr\u00e9voyez 21\u00b0C en moyenne qui accompagneront des journ\u00e9es ensoleill\u00e9es.<\/p>\n<p><\/p>\n","protected":false},"excerpt":{"rendered":"Le soleil se fera attendre aujourd&rsquo;hui sur Nice, o\u00f9 des nuages sont bien install\u00e9s. Il faudra pr\u00e9voir des&hellip;\n","protected":false},"author":2,"featured_media":130390,"comment_status":"","ping_status":"","sticky":false,"template":"","format":"standard","meta":{"footnotes":""},"categories":[2819],"tags":[1111,11,2898,1777,674,1011,27,12,2401,883,2119,882,25],"class_list":{"0":"post-130389","1":"post","2":"type-post","3":"status-publish","4":"format-standard","5":"has-post-thumbnail","7":"category-nice","8":"tag-actu","9":"tag-actualites","10":"tag-alpes-maritimes","11":"tag-eu","12":"tag-europe","13":"tag-fr","14":"tag-france","15":"tag-news","16":"tag-nice","17":"tag-paca","18":"tag-previsions-meteo","19":"tag-provence-alpes-cote-dazur","20":"tag-republique-francaise"},"share_on_mastodon":{"url":"https:\/\/pubeurope.com\/@fr\/114576650721140096","error":""},"_links":{"self":[{"href":"https:\/\/www.europesays.com\/fr\/wp-json\/wp\/v2\/posts\/130389","targetHints":{"allow":["GET"]}}],"collection":[{"href":"https:\/\/www.europesays.com\/fr\/wp-json\/wp\/v2\/posts"}],"about":[{"href":"https:\/\/www.europesays.com\/fr\/wp-json\/wp\/v2\/types\/post"}],"author":[{"embeddable":true,"href":"https:\/\/www.europesays.com\/fr\/wp-json\/wp\/v2\/users\/2"}],"replies":[{"embeddable":true,"href":"https:\/\/www.europesays.com\/fr\/wp-json\/wp\/v2\/comments?post=130389"}],"version-history":[{"count":0,"href":"https:\/\/www.europesays.com\/fr\/wp-json\/wp\/v2\/posts\/130389\/revisions"}],"wp:featuredmedia":[{"embeddable":true,"href":"https:\/\/www.europesays.com\/fr\/wp-json\/wp\/v2\/media\/130390"}],"wp:attachment":[{"href":"https:\/\/www.europesays.com\/fr\/wp-json\/wp\/v2\/media?parent=130389"}],"wp:term":[{"taxonomy":"category","embeddable":true,"href":"https:\/\/www.europesays.com\/fr\/wp-json\/wp\/v2\/categories?post=130389"},{"taxonomy":"post_tag","embeddable":true,"href":"https:\/\/www.europesays.com\/fr\/wp-json\/wp\/v2\/tags?post=130389"}],"curies":[{"name":"wp","href":"https:\/\/api.w.org\/{rel}","templated":true}]}}