{"id":130393,"date":"2025-05-26T23:09:08","date_gmt":"2025-05-26T23:09:08","guid":{"rendered":"https:\/\/www.europesays.com\/fr\/130393\/"},"modified":"2025-05-26T23:09:08","modified_gmt":"2025-05-26T23:09:08","slug":"previsions-du-mardi-27-mai-2025-3","status":"publish","type":"post","link":"https:\/\/www.europesays.com\/fr\/130393\/","title":{"rendered":"pr\u00e9visions du mardi 27 mai 2025"},"content":{"rendered":"<p>\u00c0 Nantes les temp\u00e9ratures s&rsquo;\u00e9chelonneront entre 10 et 20\u00b0C pendant la journ\u00e9e. Un vent de sud-ouest rafra\u00eechira quelque peu l&rsquo;atmosph\u00e8re. L&rsquo;apparition du soleil le matin sera retard\u00e9e par beaucoup de l\u00e9gers nuages. Les temp\u00e9ratures avoisineront les 17\u00b0C. Le temps va peu \u00e0 peu s&rsquo;am\u00e9liorer dans l&rsquo;apr\u00e8s-midi et laisser place \u00e0 des \u00e9claircies. Les valeurs seront comprises entre 18\u00b0C et 20\u00b0C. Le soir, on anticipe des temp\u00e9ratures d&rsquo;environ 15\u00b0C. Entre mardi et mercredi, la nuit sera claire.<\/p>\n<p>Nantes, o\u00f9 des nuages perdureront demain, continuera d&rsquo;attendre le soleil. Il faudra s&rsquo;attendre \u00e0 des perturbations, les Nantais se retrouveront sous des pluies \u00e9parses. L&rsquo;air ambiant va se r\u00e9chauffer avec une augmentation de quelques degr\u00e9s. Les valeurs afficheront entre 12 et 21\u00b0C. Une petite brise de sud-ouest sera ressentie par les habitants. La matin\u00e9e va rester voil\u00e9e \u00e0 cause de nuages qui se maintiennent dans le ciel. Le mercure affichera 17\u00b0C en moyenne. Demain apr\u00e8s-midi, le soleil sera dissimul\u00e9 derri\u00e8re des nuages. Les maximales pourront atteindre 21\u00b0C et les minimales seront de 19\u00b0C. On observera la pr\u00e9sence persistante de petits nuages demain soir. Il va faire environ 17\u00b0C.<\/p>\n<p>Une am\u00e9lioration est pr\u00e9vue les jours qui suivent. Le temps sera ensoleill\u00e9 avec des temp\u00e9ratures autour de 21\u00b0C.<\/p>\n<p><\/p>\n","protected":false},"excerpt":{"rendered":"\u00c0 Nantes les temp\u00e9ratures s&rsquo;\u00e9chelonneront entre 10 et 20\u00b0C pendant la journ\u00e9e. Un vent de sud-ouest rafra\u00eechira quelque&hellip;\n","protected":false},"author":2,"featured_media":130394,"comment_status":"","ping_status":"","sticky":false,"template":"","format":"standard","meta":{"footnotes":""},"categories":[2818],"tags":[1111,11,1777,674,1011,27,3047,766,12,2636,2119,25],"class_list":{"0":"post-130393","1":"post","2":"type-post","3":"status-publish","4":"format-standard","5":"has-post-thumbnail","7":"category-nantes","8":"tag-actu","9":"tag-actualites","10":"tag-eu","11":"tag-europe","12":"tag-fr","13":"tag-france","14":"tag-loire-atlantique","15":"tag-nantes","16":"tag-news","17":"tag-pays-de-la-loire","18":"tag-previsions-meteo","19":"tag-republique-francaise"},"share_on_mastodon":{"url":"https:\/\/pubeurope.com\/@fr\/114576658538575287","error":""},"_links":{"self":[{"href":"https:\/\/www.europesays.com\/fr\/wp-json\/wp\/v2\/posts\/130393","targetHints":{"allow":["GET"]}}],"collection":[{"href":"https:\/\/www.europesays.com\/fr\/wp-json\/wp\/v2\/posts"}],"about":[{"href":"https:\/\/www.europesays.com\/fr\/wp-json\/wp\/v2\/types\/post"}],"author":[{"embeddable":true,"href":"https:\/\/www.europesays.com\/fr\/wp-json\/wp\/v2\/users\/2"}],"replies":[{"embeddable":true,"href":"https:\/\/www.europesays.com\/fr\/wp-json\/wp\/v2\/comments?post=130393"}],"version-history":[{"count":0,"href":"https:\/\/www.europesays.com\/fr\/wp-json\/wp\/v2\/posts\/130393\/revisions"}],"wp:featuredmedia":[{"embeddable":true,"href":"https:\/\/www.europesays.com\/fr\/wp-json\/wp\/v2\/media\/130394"}],"wp:attachment":[{"href":"https:\/\/www.europesays.com\/fr\/wp-json\/wp\/v2\/media?parent=130393"}],"wp:term":[{"taxonomy":"category","embeddable":true,"href":"https:\/\/www.europesays.com\/fr\/wp-json\/wp\/v2\/categories?post=130393"},{"taxonomy":"post_tag","embeddable":true,"href":"https:\/\/www.europesays.com\/fr\/wp-json\/wp\/v2\/tags?post=130393"}],"curies":[{"name":"wp","href":"https:\/\/api.w.org\/{rel}","templated":true}]}}