{"id":130401,"date":"2025-05-26T23:14:10","date_gmt":"2025-05-26T23:14:10","guid":{"rendered":"https:\/\/www.europesays.com\/fr\/130401\/"},"modified":"2025-05-26T23:14:10","modified_gmt":"2025-05-26T23:14:10","slug":"un-coupable-dans-laffaire-de-sequestration-pourrait-se-rendre","status":"publish","type":"post","link":"https:\/\/www.europesays.com\/fr\/130401\/","title":{"rendered":"un coupable dans l&rsquo;affaire de s\u00e9questration pourrait se rendre"},"content":{"rendered":"<p>            Par<br \/>\n        <strong><br \/>\n            <a href=\"https:\/\/actu.fr\/auteur\/mareva-laville-actu-fr\" title=\"Consulter tous les articles de Mar\u00e9va Laville\" rel=\"nofollow noopener\" target=\"_blank\">Mar\u00e9va Laville<\/a><br \/>\n        <\/strong><\/p>\n<p>        Publi\u00e9 le<\/p>\n<p>            26 mai 2025 \u00e0 18h32        <\/p>\n<p>C\u2019est une affaire qui a fait grand bruit \u00e0 <a href=\"http:\/\/www.actu.fr\/toulouse\" rel=\"nofollow noopener\" target=\"_blank\"><strong>Toulouse<\/strong><\/a>. La semaine derni\u00e8re, mercredi\u00a021, jeudi\u00a022 et vendredi 23\u00a0mai 2025, <a href=\"https:\/\/actu.fr\/occitanie\/toulouse_31555\/toulouse-pour-avoir-enleve-leur-victime-avant-de-la-sequestrer-en-espagne-11-individus-devant-la-justice_62660356.html\" rel=\"nofollow noopener\" target=\"_blank\">onze hommes comparaissaient devant le tribunal correctionnel.<\/a> Onze pr\u00e9venus impliqu\u00e9s dans une vaste<strong> affaire d\u2019enl\u00e8vement, s\u00e9questration et violences sur fond de trafic de stup\u00e9fiants<\/strong>, datant de mai\u00a02022.\u00a0Les ravisseurs reprochaient \u00e0 leurs victimes d\u2019avoir \u00ab\u2009carott\u00e9\u2009\u00bb de la drogue et d\u2019avoir voulu doubler leurs fournisseurs. L\u2019histoire avait d\u00e9fray\u00e9 la chronique puisque des deux hommes kidnapp\u00e9s \u00e0 l\u2019\u00e9poque, <a href=\"https:\/\/actu.fr\/occitanie\/toulouse_31555\/toulouse-enleve-et-torture-il-avait-saute-de-la-voiture-sur-l-a9-ses-ravisseurs-interpelles_57202362.html\" rel=\"nofollow noopener\" target=\"_blank\">l\u2019un s\u2019\u00e9tait extirp\u00e9 de la voiture servant \u00e0 l\u2019enl\u00e8vement, alors qu\u2019elle roulait \u00e0 plus de 130 km\/h<\/a> sur l\u2019autoroute en direction de l\u2019Espagne. Une chute \u00e0 haute vitesse ouvrant la voie \u00e0 une grande enqu\u00eate et \u00e0 l\u2019arrestation de plusieurs hommes. Six ont \u00e9t\u00e9 plac\u00e9s en d\u00e9tention provisoire, trois sous mandat d\u2019arr\u00eat et deux sous contr\u00f4le judiciaire en attendant leur <strong>jugement qui se fait en deux volets<\/strong>\u2009: un premier au correctionnel pour le premier enl\u00e8vement et pour le second, un deuxi\u00e8me proc\u00e8s aux assises. Mais certains se trouvent encore en fuite et ne se sont donc pas pr\u00e9sent\u00e9s lors du proc\u00e8s. Pour autant, de loin, ils guettaient, eux aussi, le <strong>verdict<\/strong>\u2026 C\u2019est le cas de celui qui se surnomme \u00ab\u2009Moms\u2009\u00bb, le conducteur du premier voyage vers l\u2019Espagne.<\/p>\n<p>Un pr\u00e9venu en fuite \u00ab\u2009parce qu\u2019il a peur\u2009\u00bb, dit son avocat<\/p>\n<p class=\" wall-content\">Le pr\u00e9venu d\u00e9fendu par <strong>Me Jocelyn Momasso-Momasso <\/strong>est en cavale depuis plusieurs mois. \u00ab\u2009Il n\u2019est jamais venu. <strong>S\u2019il est encore en fuite, c\u2019est parce qu\u2019il a peur.<\/strong> Et vu ce qu\u2019il s\u2019est pass\u00e9 pendant les audiences, on peut comprendre\u2009\u00bb, a plaid\u00e9 son avocat. Lui-m\u00eame s\u2019est retrouv\u00e9 au c\u0153ur d\u2019une tourmente.<\/p>\n<p class=\" wall-content\">Le jour de la premi\u00e8re audience, Me Jocelyn Momasso-Momasso est venu en aide \u00e0 un policier alors que venait <a href=\"https:\/\/actu.fr\/occitanie\/toulouse_31555\/une-violente-bagarre-a-eclate-au-palais-de-justice-de-toulouse-avocat-policier-et-procureur-a-la-rescousse_62671476.html\" rel=\"nofollow noopener\" target=\"_blank\">d\u2019\u00e9clater <strong>une bagarre \u00e0 la porte de la salle d\u2019audience<\/strong> num\u00e9ro\u00a04.<\/a> Trois hommes s\u2019en prenaient \u00e0 un quatri\u00e8me \u00e2g\u00e9 de 35\u00a0ans, le rouant de coups. Celui qui avait \u00e9t\u00e9 <strong>pass\u00e9 \u00e0 tabac<\/strong> n\u2019\u00e9tait autre que la seconde victime du guet-apens. Celle qui avait r\u00e9ussi \u00e0 sauter de la voiture, et dont l\u2019histoire sera jug\u00e9e aux assises \u00e0 une date encore inconnue. Ensanglant\u00e9, cet homme avait alors port\u00e9 plainte le soir m\u00eame, tandis que Me Jocelyn Momasso-Momasso, dans un acte de bravoure, en a vu sa <strong>robe d\u2019avocat arrach\u00e9e.<\/strong> Du presque jamais vu, ou rarement, au palais de justice de Toulouse. Illustration d\u2019une affaire coriace.<\/p>\n<p>Des peines allant jusqu\u2019\u00e0 huit de prison<\/p>\n<p class=\" wall-content\">Et \u00e0 affaire coriace, peines muscl\u00e9es. Apr\u00e8s les plaidoiries de l\u2019ensemble des avocats, les juges ont prononc\u00e9 les sanctions vendredi 23\u00a0mai 2025. Trois ans apr\u00e8s les faits, l\u2019ensemble des pr\u00e9venus, alors poursuivis pour les <strong>chefs d\u2019arrestation, enl\u00e8vement, s\u00e9questration ou d\u00e9tention arbitraire et violences aggrav\u00e9es,<\/strong> ont \u00e9t\u00e9 <strong>reconnus coupables<\/strong> et doivent purger des peines allant <strong>jusqu\u2019\u00e0 huit ans de prison<\/strong>.<\/p>\n<p class=\" wall-content\">La plus forte revient \u00e0 \u00ab\u2009Chico\u2009\u00bb, le commanditaire des enl\u00e8vements, d\u00e9j\u00e0 condamn\u00e9 sept fois pour trafic de stup\u00e9fiants. C\u2019est \u00e0 lui que la premi\u00e8re victime aurait d\u00e9rob\u00e9 de la drogue. C\u2019est lui, aussi, qui a \u00e9t\u00e9 jug\u00e9 auteur des violences volontaires aggrav\u00e9es durant la s\u00e9questration. Il \u00e9cope de huit ans d\u2019emprisonnement avec mandat d\u2019arr\u00eat et interdiction de d\u00e9tenir une arme pendant 10 ans.<\/p>\n<p>L\u2019un des coupables en cavale compte se rendre, r\u00e9v\u00e8le son avocat<\/p>\n<p class=\" wall-content\">Un mandat d\u2019arr\u00eat qui vaut aussi pour \u00ab\u2009Moms\u2009\u00bb, le conducteur. Celui qui poss\u00e8de quatre condamnations \u00e0 son actif, une fois arr\u00eat\u00e9 par la police, passera les <strong>deux prochaines ann\u00e9es en prison, <\/strong>contre quatre requises par le procureur de la R\u00e9publique. Presque un soulagement, estime son avocat Me Jocelyn Momasso-Momasso aupr\u00e8s d\u2019Actu Toulouse\u2026<\/p>\n<blockquote class=\"ac-article-quote wall-content\">\n<p>Il en a marre d&rsquo;\u00eatre en cavale. Maintenant qu&rsquo;il conna\u00eet sa peine, il va venir se rendre et il va la purger.<\/p>\n<p>    <strong>Me Jocelyn Momasso-Momasso<\/strong><br \/>\n        avocat du conducteur de la voiture du premier enl\u00e8vement datant de mai 2022    <\/p><\/blockquote>\n<p>7 pr\u00e9venus sur 11 condamn\u00e9s \u00e0 de la prison ferme<\/p>\n<p class=\" wall-content\">Au total, des onze pr\u00e9venus, sept sont partis, vendredi, directement en prison ou bien, y sont rest\u00e9s. Un seul d\u2019entre eux poss\u00e9dait un casier judiciaire vierge. La majorit\u00e9 se voit <strong>interdite de d\u00e9tenir une arme<\/strong> pendant plusieurs ann\u00e9es avec ex\u00e9cution provisoire.<\/p>\n<p class=\" wall-content\">Suivez toute l\u2019actualit\u00e9 de vos villes et m\u00e9dias favoris en vous inscrivant \u00e0 <a href=\"https:\/\/moncompte.actu.fr\" title=\"D\u00e9couvez Mon Actu\" rel=\"nofollow noopener\" data-trk=\"{&quot;cta&quot;:{&quot;action&quot;:&quot;https:\\\/\\\/moncompte.actu.fr&quot;,&quot;category&quot;:&quot;mon compte&quot;,&quot;from&quot;:&quot;article footer&quot;,&quot;name&quot;:&quot;Mon actu&quot;,&quot;type&quot;:&quot;cta&quot;}}\" target=\"_blank\">Mon Actu<\/a>.<\/p>\n","protected":false},"excerpt":{"rendered":"Par Mar\u00e9va Laville Publi\u00e9 le 26 mai 2025 \u00e0 18h32 C\u2019est une affaire qui a fait grand bruit&hellip;\n","protected":false},"author":2,"featured_media":130402,"comment_status":"","ping_status":"","sticky":false,"template":"","format":"standard","meta":{"footnotes":""},"categories":[2816],"tags":[1111,11,1052,1777,674,118,1011,27,303,12,2680,25,2312],"class_list":{"0":"post-130401","1":"post","2":"type-post","3":"status-publish","4":"format-standard","5":"has-post-thumbnail","7":"category-toulouse","8":"tag-actu","9":"tag-actualites","10":"tag-drogue","11":"tag-eu","12":"tag-europe","13":"tag-faits-divers","14":"tag-fr","15":"tag-france","16":"tag-justice","17":"tag-news","18":"tag-occitanie","19":"tag-republique-francaise","20":"tag-toulouse"},"share_on_mastodon":{"url":"https:\/\/pubeurope.com\/@fr\/114576678113524111","error":""},"_links":{"self":[{"href":"https:\/\/www.europesays.com\/fr\/wp-json\/wp\/v2\/posts\/130401","targetHints":{"allow":["GET"]}}],"collection":[{"href":"https:\/\/www.europesays.com\/fr\/wp-json\/wp\/v2\/posts"}],"about":[{"href":"https:\/\/www.europesays.com\/fr\/wp-json\/wp\/v2\/types\/post"}],"author":[{"embeddable":true,"href":"https:\/\/www.europesays.com\/fr\/wp-json\/wp\/v2\/users\/2"}],"replies":[{"embeddable":true,"href":"https:\/\/www.europesays.com\/fr\/wp-json\/wp\/v2\/comments?post=130401"}],"version-history":[{"count":0,"href":"https:\/\/www.europesays.com\/fr\/wp-json\/wp\/v2\/posts\/130401\/revisions"}],"wp:featuredmedia":[{"embeddable":true,"href":"https:\/\/www.europesays.com\/fr\/wp-json\/wp\/v2\/media\/130402"}],"wp:attachment":[{"href":"https:\/\/www.europesays.com\/fr\/wp-json\/wp\/v2\/media?parent=130401"}],"wp:term":[{"taxonomy":"category","embeddable":true,"href":"https:\/\/www.europesays.com\/fr\/wp-json\/wp\/v2\/categories?post=130401"},{"taxonomy":"post_tag","embeddable":true,"href":"https:\/\/www.europesays.com\/fr\/wp-json\/wp\/v2\/tags?post=130401"}],"curies":[{"name":"wp","href":"https:\/\/api.w.org\/{rel}","templated":true}]}}