{"id":130403,"date":"2025-05-26T23:15:09","date_gmt":"2025-05-26T23:15:09","guid":{"rendered":"https:\/\/www.europesays.com\/fr\/130403\/"},"modified":"2025-05-26T23:15:09","modified_gmt":"2025-05-26T23:15:09","slug":"previsions-du-mardi-27-mai-2025-5","status":"publish","type":"post","link":"https:\/\/www.europesays.com\/fr\/130403\/","title":{"rendered":"pr\u00e9visions du mardi 27 mai 2025"},"content":{"rendered":"<p>\u00c0 Toulouse les valeurs seront comprises entre 9 et 22\u00b0C durant la journ\u00e9e. Un vent de nord-ouest rafra\u00eechira l\u00e9g\u00e8rement l&rsquo;atmosph\u00e8re. Le matin, un important soleil rayonnera. Les nuages dans le ciel de l&rsquo;apr\u00e8s-midi g\u00eanent l&rsquo;apparition du soleil. D&rsquo;un autre c\u00f4t\u00e9, les temp\u00e9ratures vont monter de plusieurs degr\u00e9s. Les valeurs s&rsquo;\u00e9chelonneront entre 21 et 22\u00b0C. Dans la soir\u00e9e, les temp\u00e9ratures tourneront autour des 18\u00b0C. Le ciel sera clair dans la nuit de mardi \u00e0 mercredi.<\/p>\n<p>C&rsquo;est un soleil \u00e9clatant qui va se montrer demain sur Toulouse. Une m\u00e9t\u00e9o plus chaude est pr\u00e9vue puisque les temp\u00e9ratures vont enregistrer une augmentation. Il va faire 19\u00b0C en moyenne. Un l\u00e9ger vent de nord-ouest sera ressenti par les habitants. Les temp\u00e9ratures vont conna\u00eetre une hausse de plusieurs degr\u00e9s pendant l&rsquo;apr\u00e8s-midi. Les valeurs afficheront entre 24\u00b0C et 26\u00b0C. Demain soir, on anticipe des temp\u00e9ratures d&rsquo;environ 20\u00b0C.<\/p>\n<p>Le temps restera stable les prochains jours. Le temps sera ensoleill\u00e9 avec des temp\u00e9ratures avoisinant 22\u00b0C.<\/p>\n<p><\/p>\n","protected":false},"excerpt":{"rendered":"\u00c0 Toulouse les valeurs seront comprises entre 9 et 22\u00b0C durant la journ\u00e9e. Un vent de nord-ouest rafra\u00eechira&hellip;\n","protected":false},"author":2,"featured_media":130404,"comment_status":"","ping_status":"","sticky":false,"template":"","format":"standard","meta":{"footnotes":""},"categories":[2816],"tags":[1111,11,1777,674,1011,27,2722,2721,12,2680,2119,25,2312],"class_list":{"0":"post-130403","1":"post","2":"type-post","3":"status-publish","4":"format-standard","5":"has-post-thumbnail","7":"category-toulouse","8":"tag-actu","9":"tag-actualites","10":"tag-eu","11":"tag-europe","12":"tag-fr","13":"tag-france","14":"tag-haute-garonne","15":"tag-midi-pyrenees","16":"tag-news","17":"tag-occitanie","18":"tag-previsions-meteo","19":"tag-republique-francaise","20":"tag-toulouse"},"share_on_mastodon":{"url":"https:\/\/pubeurope.com\/@fr\/114576682028118704","error":""},"_links":{"self":[{"href":"https:\/\/www.europesays.com\/fr\/wp-json\/wp\/v2\/posts\/130403","targetHints":{"allow":["GET"]}}],"collection":[{"href":"https:\/\/www.europesays.com\/fr\/wp-json\/wp\/v2\/posts"}],"about":[{"href":"https:\/\/www.europesays.com\/fr\/wp-json\/wp\/v2\/types\/post"}],"author":[{"embeddable":true,"href":"https:\/\/www.europesays.com\/fr\/wp-json\/wp\/v2\/users\/2"}],"replies":[{"embeddable":true,"href":"https:\/\/www.europesays.com\/fr\/wp-json\/wp\/v2\/comments?post=130403"}],"version-history":[{"count":0,"href":"https:\/\/www.europesays.com\/fr\/wp-json\/wp\/v2\/posts\/130403\/revisions"}],"wp:featuredmedia":[{"embeddable":true,"href":"https:\/\/www.europesays.com\/fr\/wp-json\/wp\/v2\/media\/130404"}],"wp:attachment":[{"href":"https:\/\/www.europesays.com\/fr\/wp-json\/wp\/v2\/media?parent=130403"}],"wp:term":[{"taxonomy":"category","embeddable":true,"href":"https:\/\/www.europesays.com\/fr\/wp-json\/wp\/v2\/categories?post=130403"},{"taxonomy":"post_tag","embeddable":true,"href":"https:\/\/www.europesays.com\/fr\/wp-json\/wp\/v2\/tags?post=130403"}],"curies":[{"name":"wp","href":"https:\/\/api.w.org\/{rel}","templated":true}]}}