{"id":130405,"date":"2025-05-26T23:17:14","date_gmt":"2025-05-26T23:17:14","guid":{"rendered":"https:\/\/www.europesays.com\/fr\/130405\/"},"modified":"2025-05-26T23:17:14","modified_gmt":"2025-05-26T23:17:14","slug":"fete-de-la-musique-a-lille-3-jours-de-concerts-evenements","status":"publish","type":"post","link":"https:\/\/www.europesays.com\/fr\/130405\/","title":{"rendered":"F\u00eate de la musique \u00e0 Lille : 3 jours de concerts \/ \u00c9v\u00e9nements"},"content":{"rendered":"<p>\n                                                                        Du 20<br \/>au 22 juin 2025\n                                        <\/p>\n<p class=\"subtitle\">\u00e0 <strong><br \/>\nGARAGE<\/strong><\/p>\n<p>Profitez de soir\u00e9es gratuites pendant la f\u00eate de la musique !<\/p>\n<p>            <img loading=\"lazy\" decoding=\"async\" src=\"\/var\/www\/storage\/images\/mediatheque\/mairie-de-lille\/images-openagenda\/fete-de-la-musique-a-lille-3-jours-de-concerts\/3771549-1-fre-FR\/Fete-de-la-musique-a-Lille-3-jours-de-concerts_news_image_top.jpg\" width=\"779\" height=\"438\" alt=\"F\u00eate de la musique \u00e0 Lille : 3 jours de concerts\"\/><\/p>\n<p>\nF\u00caTE DE LA MUSIQUE \u00c0 LILLE : 3 JOURS DE CONCERTS ET DJ SETS <br \/>Du vendredi 20 au dimanche 22 juin<br \/>GARAGE 34 boulevard Carnot, Lille<br \/>Entr\u00e9e gratuite<\/p>\n<p>\n3 JOURS, 5 AMBIANCES !<br \/>Cette ann\u00e9e, GARAGE et La Verri\u00e8re voient grand pour la F\u00eate de la Musique \u00e0 Lille ! Concerts live, DJ sets, ap\u00e9ro chorale et surprises : un week-end pour vibrer, danser et c\u00e9l\u00e9brer l\u2019\u00e9t\u00e9 comme il se doit.<\/p>\n<p>\nVENDREDI 20 JUIN \u2014 CHORALE G\u00c9ANTE<br \/>Le coup d\u2019envoi d\u2019un week-end de folie !<br \/>18h-20h : DJ set d\u2019ambiance pour lancer la soir\u00e9e avec Ben de GARAGE aux platines<br \/>20h-22h : Ap\u00e9ro Chorale : \u00e9dition sp\u00e9ciale et participative, c\u2019est l&rsquo;\u00e9v\u00e9nement hors-s\u00e9rie \u00e0 ne pas rater ! Billetterie gratuite :<br \/>22h30-00h : Concert de Polyphone (funk, pop, rock en fusion) un live \u00e9nergique pour retourner GARAGE<br \/>00h-02h : After-party DJ set by Polyphone. Apr\u00e8s avoir fait vibrer la Boule Noire \u00e0 Paris, le groupe poursuit la nuit en mode club !<\/p>\n<p>\nSAMEDI 21 JUIN \u2014 PATATE DOUCE ALL NIGHT LONG<br \/>B2B, groove, disco et surprises\u2026<br \/>16h-03h : Le collectif Patate Douce d\u00e9barque pour une soir\u00e9e B2B explosive avec des DJs en pagaille et des interventions live. Ambiance disco et groove garantie !<\/p>\n<p>\n\u2600\ufe0f DIMANCHE 22 JUIN \u2014 CHILL &amp; FANFARE EN TERRASSE<br \/>La bande-son d\u2019un dimanche au soleil<br \/>14h-18h : Ambiance d\u00e9tente en famille, avec fanfare joyeuse, grande terrasse, soleil (on l\u2019esp\u00e8re) et bon son. Un dimanche comme on les aime !<\/p>\n<p>\nTous les \u00e9v\u00e9nements sont gratuits sur r\u00e9servation Shotgun. Pensez \u00e0 prendre vos places pour recevoir toutes les infos en amont !<br \/>Photo par Timeless Capture<\/p>\n<p>        \t\t                            Infos pratiques<\/p>\n<p>                    Adresse<\/p>\n<p>34 boulevard Carnot &#8211; Lille<\/p>\n<p>                                                            Voir le plan<\/p>\n<p>\n                    PublicsDe  \u00e0  ans<\/p>\n","protected":false},"excerpt":{"rendered":"Du 20au 22 juin 2025 \u00e0 GARAGE Profitez de soir\u00e9es gratuites pendant la f\u00eate de la musique !&hellip;\n","protected":false},"author":2,"featured_media":130406,"comment_status":"","ping_status":"","sticky":false,"template":"","format":"standard","meta":{"footnotes":""},"categories":[2815],"tags":[1111,11,4763,1777,674,1011,27,811,1307,5415,12,25],"class_list":{"0":"post-130405","1":"post","2":"type-post","3":"status-publish","4":"format-standard","5":"has-post-thumbnail","7":"category-lille","8":"tag-actu","9":"tag-actualites","10":"tag-agenda","11":"tag-eu","12":"tag-europe","13":"tag-fr","14":"tag-france","15":"tag-hauts-de-france","16":"tag-lille","17":"tag-mairie","18":"tag-news","19":"tag-republique-francaise"},"share_on_mastodon":{"url":"https:\/\/pubeurope.com\/@fr\/114576689944778302","error":""},"_links":{"self":[{"href":"https:\/\/www.europesays.com\/fr\/wp-json\/wp\/v2\/posts\/130405","targetHints":{"allow":["GET"]}}],"collection":[{"href":"https:\/\/www.europesays.com\/fr\/wp-json\/wp\/v2\/posts"}],"about":[{"href":"https:\/\/www.europesays.com\/fr\/wp-json\/wp\/v2\/types\/post"}],"author":[{"embeddable":true,"href":"https:\/\/www.europesays.com\/fr\/wp-json\/wp\/v2\/users\/2"}],"replies":[{"embeddable":true,"href":"https:\/\/www.europesays.com\/fr\/wp-json\/wp\/v2\/comments?post=130405"}],"version-history":[{"count":0,"href":"https:\/\/www.europesays.com\/fr\/wp-json\/wp\/v2\/posts\/130405\/revisions"}],"wp:featuredmedia":[{"embeddable":true,"href":"https:\/\/www.europesays.com\/fr\/wp-json\/wp\/v2\/media\/130406"}],"wp:attachment":[{"href":"https:\/\/www.europesays.com\/fr\/wp-json\/wp\/v2\/media?parent=130405"}],"wp:term":[{"taxonomy":"category","embeddable":true,"href":"https:\/\/www.europesays.com\/fr\/wp-json\/wp\/v2\/categories?post=130405"},{"taxonomy":"post_tag","embeddable":true,"href":"https:\/\/www.europesays.com\/fr\/wp-json\/wp\/v2\/tags?post=130405"}],"curies":[{"name":"wp","href":"https:\/\/api.w.org\/{rel}","templated":true}]}}