{"id":130421,"date":"2025-05-26T23:26:08","date_gmt":"2025-05-26T23:26:08","guid":{"rendered":"https:\/\/www.europesays.com\/fr\/130421\/"},"modified":"2025-05-26T23:26:08","modified_gmt":"2025-05-26T23:26:08","slug":"previsions-du-mardi-27-mai-2025-7","status":"publish","type":"post","link":"https:\/\/www.europesays.com\/fr\/130421\/","title":{"rendered":"pr\u00e9visions du mardi 27 mai 2025"},"content":{"rendered":"<p>Aujourd&rsquo;hui, \u00e0 Paris, le soleil risque d&rsquo;\u00eatre masqu\u00e9 par des nuages. Les valeurs s&rsquo;\u00e9chelonneront de 11 \u00e0 20\u00b0C. Un vent de sud-ouest rafra\u00eechira sensiblement l&rsquo;atmosph\u00e8re. Il va faire en moyenne 15\u00b0C, le matin. L&rsquo;apr\u00e8s-midi, encore des nuages dans le ciel qui emp\u00eachent le soleil d&rsquo;appara\u00eetre. Il va pleuvoir. D&rsquo;un autre c\u00f4t\u00e9, un temps plus chaud est \u00e0 pr\u00e9voir \u00e9tant donn\u00e9 que le mercure va enregistrer une hausse. Les maximales iront jusqu&rsquo;\u00e0 20\u00b0C alors que les minimales seront de 18\u00b0C. On annonce des \u00e9claircies pour cette soir\u00e9e. Les temp\u00e9ratures avoisineront les 18\u00b0C. C&rsquo;est un ciel pluvieux que conna\u00eetra la nuit de mardi \u00e0 mercredi.<\/p>\n<p>Toujours de la grisaille demain. Les nuages vont s&rsquo;attarder sur Paris. Des pluies \u00e9parses vont tomber sur la ville. La m\u00e9t\u00e9o va se r\u00e9chauffer avec une augmentation de quelques degr\u00e9s. Les valeurs afficheront entre 14 et 21\u00b0C. La grisaille ne se dissipe toujours pas, il y aura encore des nuages le matin. Une petite brise de sud-ouest soufflera. Les nuages en pr\u00e9vision demain apr\u00e8s-midi, et un ciel encore gris. En revanche, c&rsquo;est une hausse de plusieurs degr\u00e9s que vont conna\u00eetre les temp\u00e9ratures. Ces valeurs seront comprises entre 19 et 21\u00b0C. Le ciel sera assez lumineux, avec quelques \u00e9claircies demain soir. Un l\u00e9ger vent de nord-ouest sera ressenti par les habitants.<\/p>\n<p>La m\u00e9t\u00e9o des journ\u00e9es suivantes va s&rsquo;am\u00e9liorer. Il fera 21\u00b0C en moyenne pour des journ\u00e9es avec une m\u00e9t\u00e9o ensoleill\u00e9e.<\/p>\n<p><\/p>\n","protected":false},"excerpt":{"rendered":"Aujourd&rsquo;hui, \u00e0 Paris, le soleil risque d&rsquo;\u00eatre masqu\u00e9 par des nuages. Les valeurs s&rsquo;\u00e9chelonneront de 11 \u00e0 20\u00b0C.&hellip;\n","protected":false},"author":2,"featured_media":130422,"comment_status":"","ping_status":"","sticky":false,"template":"","format":"standard","meta":{"footnotes":""},"categories":[1888],"tags":[11,1777,674,1011,27,662,12,626,2119,25],"class_list":{"0":"post-130421","1":"post","2":"type-post","3":"status-publish","4":"format-standard","5":"has-post-thumbnail","7":"category-paris","8":"tag-actualites","9":"tag-eu","10":"tag-europe","11":"tag-fr","12":"tag-france","13":"tag-ile-de-france","14":"tag-news","15":"tag-paris","16":"tag-previsions-meteo","17":"tag-republique-francaise"},"share_on_mastodon":{"url":"https:\/\/pubeurope.com\/@fr\/114576725351974584","error":""},"_links":{"self":[{"href":"https:\/\/www.europesays.com\/fr\/wp-json\/wp\/v2\/posts\/130421","targetHints":{"allow":["GET"]}}],"collection":[{"href":"https:\/\/www.europesays.com\/fr\/wp-json\/wp\/v2\/posts"}],"about":[{"href":"https:\/\/www.europesays.com\/fr\/wp-json\/wp\/v2\/types\/post"}],"author":[{"embeddable":true,"href":"https:\/\/www.europesays.com\/fr\/wp-json\/wp\/v2\/users\/2"}],"replies":[{"embeddable":true,"href":"https:\/\/www.europesays.com\/fr\/wp-json\/wp\/v2\/comments?post=130421"}],"version-history":[{"count":0,"href":"https:\/\/www.europesays.com\/fr\/wp-json\/wp\/v2\/posts\/130421\/revisions"}],"wp:featuredmedia":[{"embeddable":true,"href":"https:\/\/www.europesays.com\/fr\/wp-json\/wp\/v2\/media\/130422"}],"wp:attachment":[{"href":"https:\/\/www.europesays.com\/fr\/wp-json\/wp\/v2\/media?parent=130421"}],"wp:term":[{"taxonomy":"category","embeddable":true,"href":"https:\/\/www.europesays.com\/fr\/wp-json\/wp\/v2\/categories?post=130421"},{"taxonomy":"post_tag","embeddable":true,"href":"https:\/\/www.europesays.com\/fr\/wp-json\/wp\/v2\/tags?post=130421"}],"curies":[{"name":"wp","href":"https:\/\/api.w.org\/{rel}","templated":true}]}}